{"id":3138,"date":"2026-09-04T16:43:36","date_gmt":"2026-09-04T20:43:36","guid":{"rendered":"https:\/\/www.mindefensa.gob.ve\/?p=3138"},"modified":"2026-09-04T16:43:41","modified_gmt":"2026-09-04T20:43:41","slug":"gj-gustavo-gonzalez-lopez-honramos-nuestra-historia-proyectando-la-educacion-militar-hacia-el-horizonte-2051","status":"publish","type":"post","link":"https:\/\/www.mindefensa.gob.ve\/?p=3138","title":{"rendered":"GJ. Gustavo Gonz\u00e1lez L\u00f3pez: \u00abHonramos nuestra historia proyectando la educaci\u00f3n militar hacia el horizonte 2051\u00bb."},"content":{"rendered":"\n<p class=\"wp-block-paragraph\">En una solemne jornada de j\u00fabilo y lealtad patri\u00f3tica, la Fuerza Armada Nacional Bolivariana conmemor\u00f3 este jueves el D\u00e9cimo Sexto Aniversario de la Universidad Militar Bolivariana de Venezuela (UMBV) y el Ducent\u00e9simo D\u00e9cimo Sexto de la Academia Militar del Ej\u00e9rcito Bolivariano (AMEB). En este magno escenario, desarrollado en el Sal\u00f3n de Honor de la AMEB, el General en Jefe Gustavo Gonz\u00e1lez L\u00f3pez, Ministro del Poder Popular para la Defensa, acompa\u00f1ado por el Estado Mayor Superior de la FANB, autoridades rectorales, oficiales generales, almirantes y el cuerpo de cadetes, propuso la creaci\u00f3n de un primer a\u00f1o com\u00fan y conjunto para las academias de formaci\u00f3n de oficiales de comando.<\/p>\n\n\n\n<figure class=\"wp-block-image alignleft size-large is-resized\"><img fetchpriority=\"high\" decoding=\"async\" width=\"1024\" height=\"576\" src=\"https:\/\/www.mindefensa.gob.ve\/wp-content\/uploads\/2026\/09\/photo_4958986166887714225_w-1024x576.jpg\" alt=\"\" class=\"wp-image-3142\" style=\"aspect-ratio:1.7778515965618902;width:387px;height:auto\" srcset=\"https:\/\/www.mindefensa.gob.ve\/wp-content\/uploads\/2026\/09\/photo_4958986166887714225_w-1024x576.jpg 1024w, https:\/\/www.mindefensa.gob.ve\/wp-content\/uploads\/2026\/09\/photo_4958986166887714225_w-300x169.jpg 300w, https:\/\/www.mindefensa.gob.ve\/wp-content\/uploads\/2026\/09\/photo_4958986166887714225_w-768x432.jpg 768w, https:\/\/www.mindefensa.gob.ve\/wp-content\/uploads\/2026\/09\/photo_4958986166887714225_w-1536x864.jpg 1536w, https:\/\/www.mindefensa.gob.ve\/wp-content\/uploads\/2026\/09\/photo_4958986166887714225_w-2048x1152.jpg 2048w\" sizes=\"(max-width: 1024px) 100vw, 1024px\" \/><\/figure>\n\n\n\n<figure class=\"wp-block-image alignright size-large is-resized\"><img decoding=\"async\" width=\"575\" height=\"1024\" src=\"https:\/\/www.mindefensa.gob.ve\/wp-content\/uploads\/2026\/09\/photo_4958986166887714240_w-575x1024.jpg\" alt=\"\" class=\"wp-image-3143\" style=\"aspect-ratio:0.561525129982669;width:190px;height:auto\" srcset=\"https:\/\/www.mindefensa.gob.ve\/wp-content\/uploads\/2026\/09\/photo_4958986166887714240_w-575x1024.jpg 575w, https:\/\/www.mindefensa.gob.ve\/wp-content\/uploads\/2026\/09\/photo_4958986166887714240_w-168x300.jpg 168w, https:\/\/www.mindefensa.gob.ve\/wp-content\/uploads\/2026\/09\/photo_4958986166887714240_w-768x1367.jpg 768w, https:\/\/www.mindefensa.gob.ve\/wp-content\/uploads\/2026\/09\/photo_4958986166887714240_w-863x1536.jpg 863w, https:\/\/www.mindefensa.gob.ve\/wp-content\/uploads\/2026\/09\/photo_4958986166887714240_w-1150x2048.jpg 1150w, https:\/\/www.mindefensa.gob.ve\/wp-content\/uploads\/2026\/09\/photo_4958986166887714240_w.jpg 1438w\" sizes=\"(max-width: 575px) 100vw, 575px\" \/><\/figure>\n\n\n\n<p class=\"wp-block-paragraph\">Durante el acto se confirieron condecoraciones a destacados profesionales y docentes en reconocimiento a su m\u00edstica, m\u00e9rito acad\u00e9mico y entrega incondicional a la defensa integral de la Naci\u00f3n, exaltando m\u00e1s de dos siglos de tradici\u00f3n militar y la madurez doctrinaria alcanzada por la Revoluci\u00f3n Bolivariana.<\/p>\n\n\n\n<p class=\"has-medium-font-size wp-block-paragraph\"><strong>Transformaci\u00f3n estrat\u00e9gica para los nuevos tiempos<\/strong><\/p>\n\n\n\n<p class=\"wp-block-paragraph\">En su intervenci\u00f3n, el titular de la cartera castrense subray\u00f3 que honrar la historia implica proyectarla con audacia hacia los retos del porvenir, exhortando a edificar desde el presente las bases pedag\u00f3gicas del horizonte 2051.<\/p>\n\n\n\n<p class=\"wp-block-paragraph\">\u201cNo queremos oficiales que memoricen respuestas para un conflicto que ya pas\u00f3; necesitamos l\u00edderes capaces de comprender el conflicto que apenas va a comenzar\u201d, sentenci\u00f3 el Ministro. Asimismo, precis\u00f3 los cinco atributos cardinales que deben regir al combatiente desde el aula hasta el generalato: car\u00e1cter, criterio, competencia profesional, comunicaci\u00f3n y voluntad de aprendizaje.<\/p>\n\n\n\n<figure class=\"wp-block-image alignleft size-large is-resized\"><img decoding=\"async\" width=\"1024\" height=\"576\" src=\"https:\/\/www.mindefensa.gob.ve\/wp-content\/uploads\/2026\/09\/photo_4958986166887714224_w-1024x576.jpg\" alt=\"\" class=\"wp-image-3144\" style=\"aspect-ratio:1.7778602235310486;width:363px;height:auto\" srcset=\"https:\/\/www.mindefensa.gob.ve\/wp-content\/uploads\/2026\/09\/photo_4958986166887714224_w-1024x576.jpg 1024w, https:\/\/www.mindefensa.gob.ve\/wp-content\/uploads\/2026\/09\/photo_4958986166887714224_w-300x169.jpg 300w, https:\/\/www.mindefensa.gob.ve\/wp-content\/uploads\/2026\/09\/photo_4958986166887714224_w-768x432.jpg 768w, https:\/\/www.mindefensa.gob.ve\/wp-content\/uploads\/2026\/09\/photo_4958986166887714224_w-1536x864.jpg 1536w, https:\/\/www.mindefensa.gob.ve\/wp-content\/uploads\/2026\/09\/photo_4958986166887714224_w-2048x1152.jpg 2048w\" sizes=\"(max-width: 1024px) 100vw, 1024px\" \/><\/figure>\n\n\n\n<p class=\"wp-block-paragraph\">Al analizar el escenario estrat\u00e9gico contempor\u00e1neo, advirti\u00f3 sobre la mutaci\u00f3n de las amenazas, marcadas por la ciberguerra, la saturaci\u00f3n informativa y la disrupci\u00f3n tecnol\u00f3gica: \u201cLa tecnolog\u00eda ampl\u00eda capacidades, pero jam\u00e1s sustituir\u00e1 la conciencia moral de un comandante ni asumir\u00e1 las consecuencias de una decisi\u00f3n. La ventaja estrat\u00e9gica definitiva sigue y seguir\u00e1 siendo el ser humano preparado\u201d.<\/p>\n\n\n\n<p class=\"wp-block-paragraph\">Como propuesta medular de reforma estructural, el General en Jefe instruy\u00f3 a la UMBV, al Viceministerio de Educaci\u00f3n para la Defensa, al CEOFANB y a los mandos de componentes, consolidar el perfil del oficial subalterno para las pr\u00f3ximas d\u00e9cadas mediante la instauraci\u00f3n de un primer a\u00f1o com\u00fan y conjunto en las academias de comando.<\/p>\n\n\n\n<p class=\"wp-block-paragraph\">Esta iniciativa articular\u00e1 una base doctrinaria, \u00e9tica, jur\u00eddica y human\u00edstica compartida, preservando a su vez la identidad y especializaci\u00f3n t\u00e9cnica de cada componente. El nuevo esquema transformar\u00e1 la instrucci\u00f3n al priorizar la simulaci\u00f3n t\u00e1ctica, el pensamiento cr\u00edtico, la resoluci\u00f3n pr\u00e1ctica bajo presi\u00f3n, la certificaci\u00f3n continua de instructores y el dominio \u00e9tico de la inteligencia artificial, reafirmando la primac\u00eda del criterio humano sobre cualquier herramienta digital.<\/p>\n\n\n\n<figure class=\"wp-block-image alignright size-large is-resized\"><img loading=\"lazy\" decoding=\"async\" width=\"1024\" height=\"575\" src=\"https:\/\/www.mindefensa.gob.ve\/wp-content\/uploads\/2026\/09\/photo_4958986166887714216_w-1024x575.jpg\" alt=\"\" class=\"wp-image-3146\" style=\"aspect-ratio:1.7778913085126764;width:503px;height:auto\" srcset=\"https:\/\/www.mindefensa.gob.ve\/wp-content\/uploads\/2026\/09\/photo_4958986166887714216_w-1024x575.jpg 1024w, https:\/\/www.mindefensa.gob.ve\/wp-content\/uploads\/2026\/09\/photo_4958986166887714216_w-300x168.jpg 300w, https:\/\/www.mindefensa.gob.ve\/wp-content\/uploads\/2026\/09\/photo_4958986166887714216_w-767x431.jpg 767w, https:\/\/www.mindefensa.gob.ve\/wp-content\/uploads\/2026\/09\/photo_4958986166887714216_w-2048x1150.jpg 2048w, https:\/\/www.mindefensa.gob.ve\/wp-content\/uploads\/2026\/09\/photo_4958986166887714216_w-1536x863.jpg 1536w\" sizes=\"(max-width: 1024px) 100vw, 1024px\" \/><\/figure>\n\n\n\n<p class=\"wp-block-paragraph\">Al dirigirse a las damas y caballeros cadetes, les record\u00f3 su rol hist\u00f3rico como custodios de la soberan\u00eda: \u201cEstudien para comprender, entrenen para servir y act\u00faen siempre apegados a la Constituci\u00f3n, la ley y el honor militar\u201d.<\/p>\n\n\n\n<p class=\"wp-block-paragraph\">Finalmente, el Ministro de la Defensa ratific\u00f3 el compromiso irreversible de la instituci\u00f3n con el porvenir de la Patria: \u201cNosotros vamos a triunfar, porque en cada aula, en cada simulador y en cada soldado, \u00a1Venezuela Renace!\u201d.<\/p>\n","protected":false},"excerpt":{"rendered":"<p>En una solemne jornada de j\u00fabilo y lealtad patri\u00f3tica, la Fuerza Armada Nacional Bolivariana conmemor\u00f3 este jueves el D\u00e9cimo Sexto Aniversario de la Universidad Militar Bolivariana de Venezuela (UMBV) y el Ducent\u00e9simo D\u00e9cimo Sexto de la Academia Militar del Ej\u00e9rcito Bolivariano (AMEB). En este magno escenario, desarrollado en el Sal\u00f3n de Honor de la AMEB, el General en Jefe Gustavo Gonz\u00e1lez L\u00f3pez, Ministro del Poder Popular para la Defensa, acompa\u00f1ado por el Estado Mayor Superior de la FANB, autoridades rectorales, oficiales generales, almirantes y el cuerpo de cadetes, propuso la creaci\u00f3n de un primer a\u00f1o com\u00fan y conjunto para las academias de formaci\u00f3n de oficiales de comando. Durante el acto se confirieron condecoraciones a destacados profesionales y docentes en reconocimiento a su m\u00edstica, m\u00e9rito acad\u00e9mico y entrega incondicional a la defensa integral de la Naci\u00f3n, exaltando m\u00e1s de dos siglos de tradici\u00f3n militar y la madurez doctrinaria alcanzada por la Revoluci\u00f3n Bolivariana. Transformaci\u00f3n estrat\u00e9gica para los nuevos tiempos En su intervenci\u00f3n, el titular de la cartera castrense subray\u00f3 que honrar la historia implica proyectarla con audacia hacia los retos del porvenir, exhortando a edificar desde el presente las bases pedag\u00f3gicas del horizonte 2051. \u201cNo queremos oficiales que memoricen respuestas para un conflicto que ya pas\u00f3; necesitamos l\u00edderes capaces de comprender el conflicto que apenas va a comenzar\u201d, sentenci\u00f3 el Ministro. Asimismo, precis\u00f3 los cinco atributos cardinales que deben regir al combatiente desde el aula hasta el generalato: car\u00e1cter, criterio, competencia profesional, comunicaci\u00f3n y voluntad de aprendizaje. Al analizar el escenario estrat\u00e9gico contempor\u00e1neo, advirti\u00f3 sobre la mutaci\u00f3n de las amenazas, marcadas por la ciberguerra, la saturaci\u00f3n informativa y la disrupci\u00f3n tecnol\u00f3gica: \u201cLa tecnolog\u00eda ampl\u00eda capacidades, pero jam\u00e1s sustituir\u00e1 la conciencia moral de un comandante ni asumir\u00e1 las consecuencias de una decisi\u00f3n. La ventaja estrat\u00e9gica definitiva sigue y seguir\u00e1 siendo el ser humano preparado\u201d. Como propuesta medular de reforma estructural, el General en Jefe instruy\u00f3 a la UMBV, al Viceministerio de Educaci\u00f3n para la Defensa, al CEOFANB y a los mandos de componentes, consolidar el perfil del oficial subalterno para las pr\u00f3ximas d\u00e9cadas mediante la instauraci\u00f3n de un primer a\u00f1o com\u00fan y conjunto en las academias de comando. Esta iniciativa articular\u00e1 una base doctrinaria, \u00e9tica, jur\u00eddica y human\u00edstica compartida, preservando a su vez la identidad y especializaci\u00f3n t\u00e9cnica de cada componente. El nuevo esquema transformar\u00e1 la instrucci\u00f3n al priorizar la simulaci\u00f3n t\u00e1ctica, el pensamiento cr\u00edtico, la resoluci\u00f3n pr\u00e1ctica bajo presi\u00f3n, la certificaci\u00f3n continua de instructores y el dominio \u00e9tico de la inteligencia artificial, reafirmando la primac\u00eda del criterio humano sobre cualquier herramienta digital. Al dirigirse a las damas y caballeros cadetes, les record\u00f3 su rol hist\u00f3rico como custodios de la soberan\u00eda: \u201cEstudien para comprender, entrenen para servir y act\u00faen siempre apegados a la Constituci\u00f3n, la ley y el honor militar\u201d. Finalmente, el Ministro de la Defensa ratific\u00f3 el compromiso irreversible de la instituci\u00f3n con el porvenir de la Patria: \u201cNosotros vamos a triunfar, porque en cada aula, en cada simulador y en cada soldado, \u00a1Venezuela Renace!\u201d.<\/p>\n","protected":false},"author":6,"featured_media":3139,"comment_status":"closed","ping_status":"closed","sticky":false,"template":"","format":"standard","meta":{"site-sidebar-layout":"default","site-content-layout":"","ast-site-content-layout":"","site-content-style":"default","site-sidebar-style":"default","ast-global-header-display":"","ast-banner-title-visibility":"","ast-main-header-display":"","ast-hfb-above-header-display":"","ast-hfb-below-header-display":"","ast-hfb-mobile-header-display":"","site-post-title":"","ast-breadcrumbs-content":"","ast-featured-img":"disabled","footer-sml-layout":"","theme-transparent-header-meta":"","adv-header-id-meta":"","stick-header-meta":"","header-above-stick-meta":"","header-main-stick-meta":"","header-below-stick-meta":"","astra-migrate-meta-layouts":"default","ast-page-background-enabled":"default","ast-page-background-meta":{"desktop":{"background-color":"var(--ast-global-color-4)","background-image":"","background-repeat":"repeat","background-position":"center center","background-size":"auto","background-attachment":"scroll","background-type":"","background-media":"","overlay-type":"","overlay-color":"","overlay-gradient":""},"tablet":{"background-color":"","background-image":"","background-repeat":"repeat","background-position":"center center","background-size":"auto","background-attachment":"scroll","background-type":"","background-media":"","overlay-type":"","overlay-color":"","overlay-gradient":""},"mobile":{"background-color":"","background-image":"","background-repeat":"repeat","background-position":"center center","background-size":"auto","background-attachment":"scroll","background-type":"","background-media":"","overlay-type":"","overlay-color":"","overlay-gradient":""}},"ast-content-background-meta":{"desktop":{"background-color":"var(--ast-global-color-5)","background-image":"","background-repeat":"repeat","background-position":"center center","background-size":"auto","background-attachment":"scroll","background-type":"","background-media":"","overlay-type":"","overlay-color":"","overlay-gradient":""},"tablet":{"background-color":"var(--ast-global-color-5)","background-image":"","background-repeat":"repeat","background-position":"center center","background-size":"auto","background-attachment":"scroll","background-type":"","background-media":"","overlay-type":"","overlay-color":"","overlay-gradient":""},"mobile":{"background-color":"var(--ast-global-color-5)","background-image":"","background-repeat":"repeat","background-position":"center center","background-size":"auto","background-attachment":"scroll","background-type":"","background-media":"","overlay-type":"","overlay-color":"","overlay-gradient":""}},"footnotes":""},"categories":[7],"tags":[],"class_list":["post-3138","post","type-post","status-publish","format-standard","has-post-thumbnail","hentry","category-noticias"],"_links":{"self":[{"href":"https:\/\/www.mindefensa.gob.ve\/index.php?rest_route=\/wp\/v2\/posts\/3138","targetHints":{"allow":["GET"]}}],"collection":[{"href":"https:\/\/www.mindefensa.gob.ve\/index.php?rest_route=\/wp\/v2\/posts"}],"about":[{"href":"https:\/\/www.mindefensa.gob.ve\/index.php?rest_route=\/wp\/v2\/types\/post"}],"author":[{"embeddable":true,"href":"https:\/\/www.mindefensa.gob.ve\/index.php?rest_route=\/wp\/v2\/users\/6"}],"replies":[{"embeddable":true,"href":"https:\/\/www.mindefensa.gob.ve\/index.php?rest_route=%2Fwp%2Fv2%2Fcomments&post=3138"}],"version-history":[{"count":3,"href":"https:\/\/www.mindefensa.gob.ve\/index.php?rest_route=\/wp\/v2\/posts\/3138\/revisions"}],"predecessor-version":[{"id":3147,"href":"https:\/\/www.mindefensa.gob.ve\/index.php?rest_route=\/wp\/v2\/posts\/3138\/revisions\/3147"}],"wp:featuredmedia":[{"embeddable":true,"href":"https:\/\/www.mindefensa.gob.ve\/index.php?rest_route=\/wp\/v2\/media\/3139"}],"wp:attachment":[{"href":"https:\/\/www.mindefensa.gob.ve\/index.php?rest_route=%2Fwp%2Fv2%2Fmedia&parent=3138"}],"wp:term":[{"taxonomy":"category","embeddable":true,"href":"https:\/\/www.mindefensa.gob.ve\/index.php?rest_route=%2Fwp%2Fv2%2Fcategories&post=3138"},{"taxonomy":"post_tag","embeddable":true,"href":"https:\/\/www.mindefensa.gob.ve\/index.php?rest_route=%2Fwp%2Fv2%2Ftags&post=3138"}],"curies":[{"name":"wp","href":"https:\/\/api.w.org\/{rel}","templated":true}]}}