{"id":3113,"date":"2026-08-31T20:00:00","date_gmt":"2026-09-01T00:00:00","guid":{"rendered":"https:\/\/www.mindefensa.gob.ve\/?p=3113"},"modified":"2026-09-01T10:20:27","modified_gmt":"2026-09-01T14:20:27","slug":"gj-gustavo-gonzalez-lopez-en-el-43-aniversario-del-gac-n-16-esta-unidad-es-una-lanza-para-la-defensa-de-la-patria","status":"publish","type":"post","link":"https:\/\/www.mindefensa.gob.ve\/?p=3113","title":{"rendered":"GJ Gustavo Gonz\u00e1lez L\u00f3pez en el 43.\u00b0 aniversario del GAC N.\u00b0 16: \u00abEsta unidad es una lanza para la defensa de la Patria\u00bb"},"content":{"rendered":"\n<figure class=\"wp-block-image alignright size-large is-resized\"><img fetchpriority=\"high\" decoding=\"async\" width=\"768\" height=\"1024\" src=\"https:\/\/www.mindefensa.gob.ve\/wp-content\/uploads\/2026\/09\/WhatsApp-Image-2026-08-31-at-20.32.26-768x1024-1.jpeg\" alt=\"\" class=\"wp-image-3117\" style=\"width:223px;height:auto\" srcset=\"https:\/\/www.mindefensa.gob.ve\/wp-content\/uploads\/2026\/09\/WhatsApp-Image-2026-08-31-at-20.32.26-768x1024-1.jpeg 768w, https:\/\/www.mindefensa.gob.ve\/wp-content\/uploads\/2026\/09\/WhatsApp-Image-2026-08-31-at-20.32.26-225x300.jpeg 225w, https:\/\/www.mindefensa.gob.ve\/wp-content\/uploads\/2026\/09\/WhatsApp-Image-2026-08-31-at-20.32.26.jpeg 810w\" sizes=\"(max-width: 768px) 100vw, 768px\" \/><\/figure>\n\n\n\n<p class=\"wp-block-paragraph\">En una jornada de reafirmaci\u00f3n doctrinaria, cohesi\u00f3n institucional y elevado esp\u00edritu patrio, la Fuerza Armada Nacional Bolivariana (FANB) conmemor\u00f3 este lunes el Cuadrag\u00e9simo Tercer Aniversario del insigne Grupo A\u00e9reo de Caza N.\u00b0 16 \u00abDragones\u00bb, acto solemne celebrado en las instalaciones de la Base A\u00e9rea \u00abEl Libertador\u00bb (BAEL), ubicada en el estado Aragua, que incluy\u00f3 la entrega formal de las \u00e1reas optimizadas de dormitorios del Grupo A\u00e9reo de Inteligencia, Vigilancia y Reconocimiento Electr\u00f3nico \u00abGeneral\u00edsimo Francisco de Miranda\u00bb N.\u00b0 8 (GAIVIRE N.\u00b0 8).<\/p>\n\n\n\n<figure class=\"wp-block-image alignleft size-large is-resized\"><img decoding=\"async\" width=\"963\" height=\"1024\" src=\"https:\/\/www.mindefensa.gob.ve\/wp-content\/uploads\/2026\/09\/WhatsApp-Image-2026-08-31-at-20.40.13-963x1024.jpeg\" alt=\"\" class=\"wp-image-3120\" style=\"aspect-ratio:0.9404990403071017;width:201px;height:auto\" srcset=\"https:\/\/www.mindefensa.gob.ve\/wp-content\/uploads\/2026\/09\/WhatsApp-Image-2026-08-31-at-20.40.13-963x1024.jpeg 963w, https:\/\/www.mindefensa.gob.ve\/wp-content\/uploads\/2026\/09\/WhatsApp-Image-2026-08-31-at-20.40.13-282x300.jpeg 282w, https:\/\/www.mindefensa.gob.ve\/wp-content\/uploads\/2026\/09\/WhatsApp-Image-2026-08-31-at-20.40.13-768x816.jpeg 768w, https:\/\/www.mindefensa.gob.ve\/wp-content\/uploads\/2026\/09\/WhatsApp-Image-2026-08-31-at-20.40.13.jpeg 1016w\" sizes=\"(max-width: 963px) 100vw, 963px\" \/><\/figure>\n\n\n\n<p class=\"wp-block-paragraph\">La ceremonia militar estuvo presidida por el Ministro del Poder Popular para la Defensa, General en Jefe Gustavo Gonz\u00e1lez L\u00f3pez, en compa\u00f1\u00eda de los integrantes del Estado Mayor Superior de la FANB. Durante la actividad, se confirieron condecoraciones y reconocimientos al personal t\u00e9cnico, de vuelo y tropa profesional por su compromiso permanente en el resguardo de la soberan\u00eda aeroespacial de la Naci\u00f3n.<\/p>\n\n\n\n<p class=\"wp-block-paragraph\">El titular de la cartera castrense enfatiz\u00f3 que la trayectoria del sistema F-16 y de los \u00abDragones\u00bb representa un componente activo de la disuasi\u00f3n estrat\u00e9gica nacional: \u00abUn aniversario que solo mira hacia atr\u00e1s es un museo, y esta unidad no es un museo; es una lanza forjada para la defensa inexpugnable de la Patria\u00bb.<\/p>\n\n\n\n<p class=\"wp-block-paragraph\">Al rememorar la historia operativa del sistema desde 1983, la labor de sus 60 pioneros y su despliegue hist\u00f3rico en la crisis del Golfo de Venezuela en 1987, el General en Jefe destac\u00f3 la vigencia de su lema institucional, \u00abTutor et Ultor\u00bb (Protector y Vengador), como premisa fundamental de la doctrina militar bolivariana orientada a la protecci\u00f3n del pueblo y la preservaci\u00f3n de la integridad territorial.<\/p>\n\n\n\n<figure class=\"wp-block-image alignwide size-large\"><img decoding=\"async\" width=\"1024\" height=\"771\" src=\"https:\/\/www.mindefensa.gob.ve\/wp-content\/uploads\/2026\/09\/IMG_20260831_122613-1024x771.jpg\" alt=\"\" class=\"wp-image-3123\" srcset=\"https:\/\/www.mindefensa.gob.ve\/wp-content\/uploads\/2026\/09\/IMG_20260831_122613-1024x771.jpg 1024w, https:\/\/www.mindefensa.gob.ve\/wp-content\/uploads\/2026\/09\/IMG_20260831_122613-300x226.jpg 300w, https:\/\/www.mindefensa.gob.ve\/wp-content\/uploads\/2026\/09\/IMG_20260831_122613-768x578.jpg 768w, https:\/\/www.mindefensa.gob.ve\/wp-content\/uploads\/2026\/09\/IMG_20260831_122613-1536x1157.jpg 1536w, https:\/\/www.mindefensa.gob.ve\/wp-content\/uploads\/2026\/09\/IMG_20260831_122613-2048x1542.jpg 2048w\" sizes=\"(max-width: 1024px) 100vw, 1024px\" \/><\/figure>\n\n\n\n<p class=\"wp-block-paragraph\">Bajo este esp\u00edritu de autosuficiencia, el Ministro traz\u00f3 cuatro directrices estrat\u00e9gicas para toda la FANB: asumir la historia institucional como doctrina de combate, transformar las dificultades en innovaci\u00f3n operativa, mantener est\u00e1ndares de excelencia de nivel global e incorporar tecnolog\u00edas de \u00faltima generaci\u00f3n (como la inteligencia artificial, los sistemas no tripulados y la guerra electr\u00f3nica) firmemente ancladas en los principios inmutables del Pensamiento Militar Bolivariano.<\/p>\n\n\n\n<figure class=\"wp-block-image alignright size-large is-resized\"><img loading=\"lazy\" decoding=\"async\" width=\"586\" height=\"1024\" src=\"https:\/\/www.mindefensa.gob.ve\/wp-content\/uploads\/2026\/09\/photo_4949765086851567151_y-586x1024.jpg\" alt=\"\" class=\"wp-image-3124\" style=\"aspect-ratio:0.5722678898136934;width:171px;height:auto\" srcset=\"https:\/\/www.mindefensa.gob.ve\/wp-content\/uploads\/2026\/09\/photo_4949765086851567151_y-586x1024.jpg 586w, https:\/\/www.mindefensa.gob.ve\/wp-content\/uploads\/2026\/09\/photo_4949765086851567151_y-172x300.jpg 172w, https:\/\/www.mindefensa.gob.ve\/wp-content\/uploads\/2026\/09\/photo_4949765086851567151_y.jpg 614w\" sizes=\"(max-width: 586px) 100vw, 586px\" \/><\/figure>\n\n\n\n<p class=\"has-medium-font-size wp-block-paragraph\"><strong>Bienestar y moral del combatiente<\/strong><\/p>\n\n\n\n<figure class=\"wp-block-image alignleft size-large is-resized\"><img loading=\"lazy\" decoding=\"async\" width=\"1024\" height=\"576\" src=\"https:\/\/www.mindefensa.gob.ve\/wp-content\/uploads\/2026\/09\/photo_4949631693757288213_y-1024x576.jpg\" alt=\"\" class=\"wp-image-3125\" style=\"width:339px;height:auto\" srcset=\"https:\/\/www.mindefensa.gob.ve\/wp-content\/uploads\/2026\/09\/photo_4949631693757288213_y-1024x576.jpg 1024w, https:\/\/www.mindefensa.gob.ve\/wp-content\/uploads\/2026\/09\/photo_4949631693757288213_y-300x169.jpg 300w, https:\/\/www.mindefensa.gob.ve\/wp-content\/uploads\/2026\/09\/photo_4949631693757288213_y-768x432.jpg 768w, https:\/\/www.mindefensa.gob.ve\/wp-content\/uploads\/2026\/09\/photo_4949631693757288213_y.jpg 1280w\" sizes=\"(max-width: 1024px) 100vw, 1024px\" \/><\/figure>\n\n\n\n<p class=\"wp-block-paragraph\">Esta visi\u00f3n de fortalecimiento integral se complement\u00f3 en el terreno social mediante la reinauguraci\u00f3n de los dormitorios del Grupo A\u00e9reo de Inteligencia, Vigilancia y Reconocimiento Electr\u00f3nico \u00abGeneral\u00edsimo Francisco de Miranda\u00bb N\u00b0 8 (GAIVIRE N\u00b0 8), en estricto cumplimiento de las directrices de la Presidenta y Comandante en Jefe de la FANB, Delcy Rodr\u00edguez. Con estas instalaciones optimizadas, la instituci\u00f3n ratifica que la dignificaci\u00f3n del combatiente es el pilar que sostiene la moral y la eficacia de la defensa inexpugnable de Venezuela.<\/p>\n\n\n\n<p class=\"wp-block-paragraph\">El General en Jefe concluy\u00f3 la jornada con la ratificaci\u00f3n del compromiso patri\u00f3tico del componente a\u00e9reo: \u00abMientras haya un Drag\u00f3n en vuelo, Venezuela tendr\u00e1 cielo; y mientras esta unidad siga siendo ra\u00edz y vanguardia de la Aviaci\u00f3n Militar Bolivariana, el futuro de la Patria tendr\u00e1 alas\u00bb.<\/p>\n\n\n\n<p class=\"has-medium-font-size wp-block-paragraph\"><strong>Cr\u00e9ditos:<\/strong> Ministerio del Poder Popular la Defensa.<\/p>\n\n\n\n<p class=\"wp-block-paragraph\"><\/p>\n","protected":false},"excerpt":{"rendered":"<p>En una jornada de reafirmaci\u00f3n doctrinaria, cohesi\u00f3n institucional y elevado esp\u00edritu patrio, la Fuerza Armada Nacional Bolivariana (FANB) conmemor\u00f3 este lunes el Cuadrag\u00e9simo Tercer Aniversario del insigne Grupo A\u00e9reo de Caza N.\u00b0 16 \u00abDragones\u00bb, acto solemne celebrado en las instalaciones de la Base A\u00e9rea \u00abEl Libertador\u00bb (BAEL), ubicada en el estado Aragua, que incluy\u00f3 la entrega formal de las \u00e1reas optimizadas de dormitorios del Grupo A\u00e9reo de Inteligencia, Vigilancia y Reconocimiento Electr\u00f3nico \u00abGeneral\u00edsimo Francisco de Miranda\u00bb N.\u00b0 8 (GAIVIRE N.\u00b0 8). La ceremonia militar estuvo presidida por el Ministro del Poder Popular para la Defensa, General en Jefe Gustavo Gonz\u00e1lez L\u00f3pez, en compa\u00f1\u00eda de los integrantes del Estado Mayor Superior de la FANB. Durante la actividad, se confirieron condecoraciones y reconocimientos al personal t\u00e9cnico, de vuelo y tropa profesional por su compromiso permanente en el resguardo de la soberan\u00eda aeroespacial de la Naci\u00f3n. El titular de la cartera castrense enfatiz\u00f3 que la trayectoria del sistema F-16 y de los \u00abDragones\u00bb representa un componente activo de la disuasi\u00f3n estrat\u00e9gica nacional: \u00abUn aniversario que solo mira hacia atr\u00e1s es un museo, y esta unidad no es un museo; es una lanza forjada para la defensa inexpugnable de la Patria\u00bb. Al rememorar la historia operativa del sistema desde 1983, la labor de sus 60 pioneros y su despliegue hist\u00f3rico en la crisis del Golfo de Venezuela en 1987, el General en Jefe destac\u00f3 la vigencia de su lema institucional, \u00abTutor et Ultor\u00bb (Protector y Vengador), como premisa fundamental de la doctrina militar bolivariana orientada a la protecci\u00f3n del pueblo y la preservaci\u00f3n de la integridad territorial. Bajo este esp\u00edritu de autosuficiencia, el Ministro traz\u00f3 cuatro directrices estrat\u00e9gicas para toda la FANB: asumir la historia institucional como doctrina de combate, transformar las dificultades en innovaci\u00f3n operativa, mantener est\u00e1ndares de excelencia de nivel global e incorporar tecnolog\u00edas de \u00faltima generaci\u00f3n (como la inteligencia artificial, los sistemas no tripulados y la guerra electr\u00f3nica) firmemente ancladas en los principios inmutables del Pensamiento Militar Bolivariano. Bienestar y moral del combatiente Esta visi\u00f3n de fortalecimiento integral se complement\u00f3 en el terreno social mediante la reinauguraci\u00f3n de los dormitorios del Grupo A\u00e9reo de Inteligencia, Vigilancia y Reconocimiento Electr\u00f3nico \u00abGeneral\u00edsimo Francisco de Miranda\u00bb N\u00b0 8 (GAIVIRE N\u00b0 8), en estricto cumplimiento de las directrices de la Presidenta y Comandante en Jefe de la FANB, Delcy Rodr\u00edguez. Con estas instalaciones optimizadas, la instituci\u00f3n ratifica que la dignificaci\u00f3n del combatiente es el pilar que sostiene la moral y la eficacia de la defensa inexpugnable de Venezuela. El General en Jefe concluy\u00f3 la jornada con la ratificaci\u00f3n del compromiso patri\u00f3tico del componente a\u00e9reo: \u00abMientras haya un Drag\u00f3n en vuelo, Venezuela tendr\u00e1 cielo; y mientras esta unidad siga siendo ra\u00edz y vanguardia de la Aviaci\u00f3n Militar Bolivariana, el futuro de la Patria tendr\u00e1 alas\u00bb. Cr\u00e9ditos: Ministerio del Poder Popular la Defensa.<\/p>\n","protected":false},"author":6,"featured_media":3116,"comment_status":"closed","ping_status":"closed","sticky":false,"template":"","format":"standard","meta":{"site-sidebar-layout":"default","site-content-layout":"","ast-site-content-layout":"","site-content-style":"default","site-sidebar-style":"default","ast-global-header-display":"","ast-banner-title-visibility":"","ast-main-header-display":"","ast-hfb-above-header-display":"","ast-hfb-below-header-display":"","ast-hfb-mobile-header-display":"","site-post-title":"","ast-breadcrumbs-content":"","ast-featured-img":"","footer-sml-layout":"","theme-transparent-header-meta":"","adv-header-id-meta":"","stick-header-meta":"","header-above-stick-meta":"","header-main-stick-meta":"","header-below-stick-meta":"","astra-migrate-meta-layouts":"default","ast-page-background-enabled":"default","ast-page-background-meta":{"desktop":{"background-color":"var(--ast-global-color-4)","background-image":"","background-repeat":"repeat","background-position":"center center","background-size":"auto","background-attachment":"scroll","background-type":"","background-media":"","overlay-type":"","overlay-color":"","overlay-gradient":""},"tablet":{"background-color":"","background-image":"","background-repeat":"repeat","background-position":"center center","background-size":"auto","background-attachment":"scroll","background-type":"","background-media":"","overlay-type":"","overlay-color":"","overlay-gradient":""},"mobile":{"background-color":"","background-image":"","background-repeat":"repeat","background-position":"center center","background-size":"auto","background-attachment":"scroll","background-type":"","background-media":"","overlay-type":"","overlay-color":"","overlay-gradient":""}},"ast-content-background-meta":{"desktop":{"background-color":"var(--ast-global-color-5)","background-image":"","background-repeat":"repeat","background-position":"center center","background-size":"auto","background-attachment":"scroll","background-type":"","background-media":"","overlay-type":"","overlay-color":"","overlay-gradient":""},"tablet":{"background-color":"var(--ast-global-color-5)","background-image":"","background-repeat":"repeat","background-position":"center center","background-size":"auto","background-attachment":"scroll","background-type":"","background-media":"","overlay-type":"","overlay-color":"","overlay-gradient":""},"mobile":{"background-color":"var(--ast-global-color-5)","background-image":"","background-repeat":"repeat","background-position":"center center","background-size":"auto","background-attachment":"scroll","background-type":"","background-media":"","overlay-type":"","overlay-color":"","overlay-gradient":""}},"footnotes":""},"categories":[7],"tags":[],"class_list":["post-3113","post","type-post","status-publish","format-standard","has-post-thumbnail","hentry","category-noticias"],"_links":{"self":[{"href":"https:\/\/www.mindefensa.gob.ve\/index.php?rest_route=\/wp\/v2\/posts\/3113","targetHints":{"allow":["GET"]}}],"collection":[{"href":"https:\/\/www.mindefensa.gob.ve\/index.php?rest_route=\/wp\/v2\/posts"}],"about":[{"href":"https:\/\/www.mindefensa.gob.ve\/index.php?rest_route=\/wp\/v2\/types\/post"}],"author":[{"embeddable":true,"href":"https:\/\/www.mindefensa.gob.ve\/index.php?rest_route=\/wp\/v2\/users\/6"}],"replies":[{"embeddable":true,"href":"https:\/\/www.mindefensa.gob.ve\/index.php?rest_route=%2Fwp%2Fv2%2Fcomments&post=3113"}],"version-history":[{"count":7,"href":"https:\/\/www.mindefensa.gob.ve\/index.php?rest_route=\/wp\/v2\/posts\/3113\/revisions"}],"predecessor-version":[{"id":3128,"href":"https:\/\/www.mindefensa.gob.ve\/index.php?rest_route=\/wp\/v2\/posts\/3113\/revisions\/3128"}],"wp:featuredmedia":[{"embeddable":true,"href":"https:\/\/www.mindefensa.gob.ve\/index.php?rest_route=\/wp\/v2\/media\/3116"}],"wp:attachment":[{"href":"https:\/\/www.mindefensa.gob.ve\/index.php?rest_route=%2Fwp%2Fv2%2Fmedia&parent=3113"}],"wp:term":[{"taxonomy":"category","embeddable":true,"href":"https:\/\/www.mindefensa.gob.ve\/index.php?rest_route=%2Fwp%2Fv2%2Fcategories&post=3113"},{"taxonomy":"post_tag","embeddable":true,"href":"https:\/\/www.mindefensa.gob.ve\/index.php?rest_route=%2Fwp%2Fv2%2Ftags&post=3113"}],"curies":[{"name":"wp","href":"https:\/\/api.w.org\/{rel}","templated":true}]}}