{"id":3103,"date":"2026-08-30T12:14:39","date_gmt":"2026-08-30T16:14:39","guid":{"rendered":"https:\/\/www.mindefensa.gob.ve\/?p=3103"},"modified":"2026-08-30T12:14:50","modified_gmt":"2026-08-30T16:14:50","slug":"gj-gustavo-gonzalez-lopez-encabezo-encuentro-institucional-con-la-promocion-venezuela-renace-2026-del-ejercito-bolivariano","status":"publish","type":"post","link":"https:\/\/www.mindefensa.gob.ve\/?p=3103","title":{"rendered":"GJ. Gustavo Gonz\u00e1lez L\u00f3pez encabez\u00f3 encuentro institucional con la Promoci\u00f3n \u00abVenezuela Renace 2026\u00bb del Ej\u00e9rcito Bolivariano"},"content":{"rendered":"\n<figure class=\"wp-block-image alignwide size-large\"><img fetchpriority=\"high\" decoding=\"async\" width=\"1024\" height=\"576\" src=\"https:\/\/www.mindefensa.gob.ve\/wp-content\/uploads\/2026\/08\/DSC00897-1024x576.jpg\" alt=\"\" class=\"wp-image-3105\" srcset=\"https:\/\/www.mindefensa.gob.ve\/wp-content\/uploads\/2026\/08\/DSC00897-1024x576.jpg 1024w, https:\/\/www.mindefensa.gob.ve\/wp-content\/uploads\/2026\/08\/DSC00897-300x169.jpg 300w, https:\/\/www.mindefensa.gob.ve\/wp-content\/uploads\/2026\/08\/DSC00897-768x432.jpg 768w, https:\/\/www.mindefensa.gob.ve\/wp-content\/uploads\/2026\/08\/DSC00897-1536x864.jpg 1536w, https:\/\/www.mindefensa.gob.ve\/wp-content\/uploads\/2026\/08\/DSC00897-2048x1152.jpg 2048w\" sizes=\"(max-width: 1024px) 100vw, 1024px\" \/><\/figure>\n\n\n\n<figure class=\"wp-block-image alignright size-large is-resized\"><img decoding=\"async\" width=\"576\" height=\"1024\" src=\"https:\/\/www.mindefensa.gob.ve\/wp-content\/uploads\/2026\/08\/DSC00894-576x1024.jpg\" alt=\"\" class=\"wp-image-3106\" style=\"aspect-ratio:0.5625033091544449;width:221px;height:auto\" srcset=\"https:\/\/www.mindefensa.gob.ve\/wp-content\/uploads\/2026\/08\/DSC00894-576x1024.jpg 576w, https:\/\/www.mindefensa.gob.ve\/wp-content\/uploads\/2026\/08\/DSC00894-169x300.jpg 169w, https:\/\/www.mindefensa.gob.ve\/wp-content\/uploads\/2026\/08\/DSC00894-243x432.jpg 243w, https:\/\/www.mindefensa.gob.ve\/wp-content\/uploads\/2026\/08\/DSC00894-864x1536-1.jpg 864w, https:\/\/www.mindefensa.gob.ve\/wp-content\/uploads\/2026\/08\/DSC00894-1152x2048-1.jpg 1152w, https:\/\/www.mindefensa.gob.ve\/wp-content\/uploads\/2026\/08\/DSC00894-scaled-1.jpg 1440w\" sizes=\"(max-width: 576px) 100vw, 576px\" \/><\/figure>\n\n\n\n<p class=\"wp-block-paragraph\">En el marco de las tradiciones castrenses orientadas a fortalecer la cohesi\u00f3n moral y doctrinaria de la Fuerza Armada Nacional Bolivariana (FANB), el Ministro del Poder Popular para la Defensa, General en Jefe Gustavo Gonz\u00e1lez L\u00f3pez, lider\u00f3 un fraterno encuentro institucional con los Oficiales Subalternos integrantes de la Promoci\u00f3n \u00abVenezuela Renace 2026\u00bb del glorioso Ej\u00e9rcito Bolivariano.<\/p>\n\n\n\n<figure class=\"wp-block-image alignleft size-large is-resized\"><img decoding=\"async\" width=\"576\" height=\"1024\" src=\"https:\/\/www.mindefensa.gob.ve\/wp-content\/uploads\/2026\/08\/DSC00916-576x1024-1.jpg\" alt=\"\" class=\"wp-image-3107\" style=\"aspect-ratio:0.5625177204423022;width:275px;height:auto\" srcset=\"https:\/\/www.mindefensa.gob.ve\/wp-content\/uploads\/2026\/08\/DSC00916-576x1024-1.jpg 576w, https:\/\/www.mindefensa.gob.ve\/wp-content\/uploads\/2026\/08\/DSC00916-169x300.jpg 169w, https:\/\/www.mindefensa.gob.ve\/wp-content\/uploads\/2026\/08\/DSC00916-243x432.jpg 243w, https:\/\/www.mindefensa.gob.ve\/wp-content\/uploads\/2026\/08\/DSC00916-864x1536-1.jpg 864w, https:\/\/www.mindefensa.gob.ve\/wp-content\/uploads\/2026\/08\/DSC00916-1152x2048-1.jpg 1152w, https:\/\/www.mindefensa.gob.ve\/wp-content\/uploads\/2026\/08\/DSC00916-scaled-1.jpg 1440w\" sizes=\"(max-width: 576px) 100vw, 576px\" \/><\/figure>\n\n\n\n<p class=\"wp-block-paragraph\">La jornada protocolar se llev\u00f3 a cabo en las instalaciones del Sal\u00f3n de Honor \u00abSim\u00f3n Bol\u00edvar\u00bb del C\u00edrculo Militar de Caracas, escenario donde la m\u00e1xima autoridad castrense hizo entrega formal de los oficios de presentaci\u00f3n a cada uno de los j\u00f3venes oficiales que inician su despliegue operativo y responsabilidades de comando en las distintas unidades t\u00e1cticas del componente terrestre a lo largo del territorio nacional.<\/p>\n\n\n\n<p class=\"has-medium-font-size wp-block-paragraph\"><strong>Vocaci\u00f3n militar y liderazgo para la victoria<\/strong><\/p>\n\n\n\n<p class=\"wp-block-paragraph\">Durante su intervenci\u00f3n, el General en Jefe destac\u00f3 el valor intr\u00ednseco de la vocaci\u00f3n militar, recordando el car\u00e1cter voluntario y el compromiso moral con el que asumieron la carrera de las armas: \u00abUstedes ingresaron y se graduaron de la academia por convicci\u00f3n y voluntad propia. La formaci\u00f3n y la vida militar est\u00e1n concebidas para el triunfo, para vencer dificultades y para ganar batallas en defensa de la Patria, honrando el lema fundamental de triunfar, triunfar y triunfar\u00bb, afirm\u00f3 el titular de la cartera de Defensa.<\/p>\n\n\n\n<p class=\"wp-block-paragraph\">Asimismo, resalt\u00f3 que la verdadera carrera profesional inicia en el terreno operativo con las tropas, demandando de cada comandante de pelot\u00f3n y oficial subalterno un estudio constante, entrega profesional y superaci\u00f3n personal en sus respectivas \u00e1reas y armas castrenses.<\/p>\n\n\n\n<p class=\"has-medium-font-size wp-block-paragraph\"><strong>Disciplina, honor y valores morales en el ejercicio del mando<\/strong><\/p>\n\n\n\n<figure class=\"wp-block-image alignwide size-large\"><img loading=\"lazy\" decoding=\"async\" width=\"1024\" height=\"576\" src=\"https:\/\/www.mindefensa.gob.ve\/wp-content\/uploads\/2026\/08\/DSC00903-1024x576.jpg\" alt=\"\" class=\"wp-image-3109\" srcset=\"https:\/\/www.mindefensa.gob.ve\/wp-content\/uploads\/2026\/08\/DSC00903-1024x576.jpg 1024w, https:\/\/www.mindefensa.gob.ve\/wp-content\/uploads\/2026\/08\/DSC00903-300x169.jpg 300w, https:\/\/www.mindefensa.gob.ve\/wp-content\/uploads\/2026\/08\/DSC00903-768x432.jpg 768w, https:\/\/www.mindefensa.gob.ve\/wp-content\/uploads\/2026\/08\/DSC00903-1536x864.jpg 1536w, https:\/\/www.mindefensa.gob.ve\/wp-content\/uploads\/2026\/08\/DSC00903-2048x1152.jpg 2048w\" sizes=\"(max-width: 1024px) 100vw, 1024px\" \/><\/figure>\n\n\n\n<p class=\"wp-block-paragraph\">El General en Jefe Gonz\u00e1lez L\u00f3pez enfatiz\u00f3 que el ejercicio del liderazgo dentro de la instituci\u00f3n castrense debe sustentarse en la disciplina y la solidez \u00e9tica por encima de cualquier circunstancia: \u00abEl honor, la disciplina, la lealtad y el amor a la Patria no son adornos que se pegan al uniforme; se sienten y se practican a diario en el cumplimiento del deber. M\u00e1s all\u00e1 de la valent\u00eda, la instituci\u00f3n requiere comandantes y soldados altamente disciplinados en la misi\u00f3n, leales a la Constituci\u00f3n y firmes ante cualquier adversidad\u00bb, puntualiz\u00f3.<\/p>\n\n\n\n<figure class=\"wp-block-image alignwide size-large\"><img loading=\"lazy\" decoding=\"async\" width=\"1024\" height=\"577\" src=\"https:\/\/www.mindefensa.gob.ve\/wp-content\/uploads\/2026\/08\/DSC01000-1-1024x577.jpg\" alt=\"\" class=\"wp-image-3110\" srcset=\"https:\/\/www.mindefensa.gob.ve\/wp-content\/uploads\/2026\/08\/DSC01000-1-1024x577.jpg 1024w, https:\/\/www.mindefensa.gob.ve\/wp-content\/uploads\/2026\/08\/DSC01000-1-300x169.jpg 300w, https:\/\/www.mindefensa.gob.ve\/wp-content\/uploads\/2026\/08\/DSC01000-1-767x432.jpg 767w, https:\/\/www.mindefensa.gob.ve\/wp-content\/uploads\/2026\/08\/DSC01000-1-1536x865.jpg 1536w, https:\/\/www.mindefensa.gob.ve\/wp-content\/uploads\/2026\/08\/DSC01000-1-2048x1153.jpg 2048w\" sizes=\"(max-width: 1024px) 100vw, 1024px\" \/><\/figure>\n\n\n\n<p class=\"wp-block-paragraph\">Para concluir, el titular castrense exhort\u00f3 a los j\u00f3venes profesionales a mantener siempre presente el respaldo moral de sus familias como basti\u00f3n fundamental durante sus a\u00f1os de servicio, augur\u00e1ndoles el mayor de los \u00e9xitos en su desempe\u00f1o en defensa de la soberan\u00eda, la integridad territorial y la paz de la Rep\u00fablica.<\/p>\n\n\n\n<p class=\"has-medium-font-size wp-block-paragraph\"><strong>Cr\u00e9ditos:<\/strong> Ministerio del Poder Popular para la Defensa.<\/p>\n","protected":false},"excerpt":{"rendered":"<p>En el marco de las tradiciones castrenses orientadas a fortalecer la cohesi\u00f3n moral y doctrinaria de la Fuerza Armada Nacional Bolivariana (FANB), el Ministro del Poder Popular para la Defensa, General en Jefe Gustavo Gonz\u00e1lez L\u00f3pez, lider\u00f3 un fraterno encuentro institucional con los Oficiales Subalternos integrantes de la Promoci\u00f3n \u00abVenezuela Renace 2026\u00bb del glorioso Ej\u00e9rcito Bolivariano. La jornada protocolar se llev\u00f3 a cabo en las instalaciones del Sal\u00f3n de Honor \u00abSim\u00f3n Bol\u00edvar\u00bb del C\u00edrculo Militar de Caracas, escenario donde la m\u00e1xima autoridad castrense hizo entrega formal de los oficios de presentaci\u00f3n a cada uno de los j\u00f3venes oficiales que inician su despliegue operativo y responsabilidades de comando en las distintas unidades t\u00e1cticas del componente terrestre a lo largo del territorio nacional. Vocaci\u00f3n militar y liderazgo para la victoria Durante su intervenci\u00f3n, el General en Jefe destac\u00f3 el valor intr\u00ednseco de la vocaci\u00f3n militar, recordando el car\u00e1cter voluntario y el compromiso moral con el que asumieron la carrera de las armas: \u00abUstedes ingresaron y se graduaron de la academia por convicci\u00f3n y voluntad propia. La formaci\u00f3n y la vida militar est\u00e1n concebidas para el triunfo, para vencer dificultades y para ganar batallas en defensa de la Patria, honrando el lema fundamental de triunfar, triunfar y triunfar\u00bb, afirm\u00f3 el titular de la cartera de Defensa. Asimismo, resalt\u00f3 que la verdadera carrera profesional inicia en el terreno operativo con las tropas, demandando de cada comandante de pelot\u00f3n y oficial subalterno un estudio constante, entrega profesional y superaci\u00f3n personal en sus respectivas \u00e1reas y armas castrenses. Disciplina, honor y valores morales en el ejercicio del mando El General en Jefe Gonz\u00e1lez L\u00f3pez enfatiz\u00f3 que el ejercicio del liderazgo dentro de la instituci\u00f3n castrense debe sustentarse en la disciplina y la solidez \u00e9tica por encima de cualquier circunstancia: \u00abEl honor, la disciplina, la lealtad y el amor a la Patria no son adornos que se pegan al uniforme; se sienten y se practican a diario en el cumplimiento del deber. M\u00e1s all\u00e1 de la valent\u00eda, la instituci\u00f3n requiere comandantes y soldados altamente disciplinados en la misi\u00f3n, leales a la Constituci\u00f3n y firmes ante cualquier adversidad\u00bb, puntualiz\u00f3. Para concluir, el titular castrense exhort\u00f3 a los j\u00f3venes profesionales a mantener siempre presente el respaldo moral de sus familias como basti\u00f3n fundamental durante sus a\u00f1os de servicio, augur\u00e1ndoles el mayor de los \u00e9xitos en su desempe\u00f1o en defensa de la soberan\u00eda, la integridad territorial y la paz de la Rep\u00fablica. Cr\u00e9ditos: Ministerio del Poder Popular para la Defensa.<\/p>\n","protected":false},"author":6,"featured_media":3104,"comment_status":"closed","ping_status":"closed","sticky":false,"template":"","format":"standard","meta":{"site-sidebar-layout":"default","site-content-layout":"","ast-site-content-layout":"","site-content-style":"default","site-sidebar-style":"default","ast-global-header-display":"","ast-banner-title-visibility":"","ast-main-header-display":"","ast-hfb-above-header-display":"","ast-hfb-below-header-display":"","ast-hfb-mobile-header-display":"","site-post-title":"","ast-breadcrumbs-content":"","ast-featured-img":"","footer-sml-layout":"","theme-transparent-header-meta":"","adv-header-id-meta":"","stick-header-meta":"","header-above-stick-meta":"","header-main-stick-meta":"","header-below-stick-meta":"","astra-migrate-meta-layouts":"default","ast-page-background-enabled":"default","ast-page-background-meta":{"desktop":{"background-color":"var(--ast-global-color-4)","background-image":"","background-repeat":"repeat","background-position":"center center","background-size":"auto","background-attachment":"scroll","background-type":"","background-media":"","overlay-type":"","overlay-color":"","overlay-gradient":""},"tablet":{"background-color":"","background-image":"","background-repeat":"repeat","background-position":"center center","background-size":"auto","background-attachment":"scroll","background-type":"","background-media":"","overlay-type":"","overlay-color":"","overlay-gradient":""},"mobile":{"background-color":"","background-image":"","background-repeat":"repeat","background-position":"center center","background-size":"auto","background-attachment":"scroll","background-type":"","background-media":"","overlay-type":"","overlay-color":"","overlay-gradient":""}},"ast-content-background-meta":{"desktop":{"background-color":"var(--ast-global-color-5)","background-image":"","background-repeat":"repeat","background-position":"center center","background-size":"auto","background-attachment":"scroll","background-type":"","background-media":"","overlay-type":"","overlay-color":"","overlay-gradient":""},"tablet":{"background-color":"var(--ast-global-color-5)","background-image":"","background-repeat":"repeat","background-position":"center center","background-size":"auto","background-attachment":"scroll","background-type":"","background-media":"","overlay-type":"","overlay-color":"","overlay-gradient":""},"mobile":{"background-color":"var(--ast-global-color-5)","background-image":"","background-repeat":"repeat","background-position":"center center","background-size":"auto","background-attachment":"scroll","background-type":"","background-media":"","overlay-type":"","overlay-color":"","overlay-gradient":""}},"footnotes":""},"categories":[7],"tags":[],"class_list":["post-3103","post","type-post","status-publish","format-standard","has-post-thumbnail","hentry","category-noticias"],"_links":{"self":[{"href":"https:\/\/www.mindefensa.gob.ve\/index.php?rest_route=\/wp\/v2\/posts\/3103","targetHints":{"allow":["GET"]}}],"collection":[{"href":"https:\/\/www.mindefensa.gob.ve\/index.php?rest_route=\/wp\/v2\/posts"}],"about":[{"href":"https:\/\/www.mindefensa.gob.ve\/index.php?rest_route=\/wp\/v2\/types\/post"}],"author":[{"embeddable":true,"href":"https:\/\/www.mindefensa.gob.ve\/index.php?rest_route=\/wp\/v2\/users\/6"}],"replies":[{"embeddable":true,"href":"https:\/\/www.mindefensa.gob.ve\/index.php?rest_route=%2Fwp%2Fv2%2Fcomments&post=3103"}],"version-history":[{"count":3,"href":"https:\/\/www.mindefensa.gob.ve\/index.php?rest_route=\/wp\/v2\/posts\/3103\/revisions"}],"predecessor-version":[{"id":3112,"href":"https:\/\/www.mindefensa.gob.ve\/index.php?rest_route=\/wp\/v2\/posts\/3103\/revisions\/3112"}],"wp:featuredmedia":[{"embeddable":true,"href":"https:\/\/www.mindefensa.gob.ve\/index.php?rest_route=\/wp\/v2\/media\/3104"}],"wp:attachment":[{"href":"https:\/\/www.mindefensa.gob.ve\/index.php?rest_route=%2Fwp%2Fv2%2Fmedia&parent=3103"}],"wp:term":[{"taxonomy":"category","embeddable":true,"href":"https:\/\/www.mindefensa.gob.ve\/index.php?rest_route=%2Fwp%2Fv2%2Fcategories&post=3103"},{"taxonomy":"post_tag","embeddable":true,"href":"https:\/\/www.mindefensa.gob.ve\/index.php?rest_route=%2Fwp%2Fv2%2Ftags&post=3103"}],"curies":[{"name":"wp","href":"https:\/\/api.w.org\/{rel}","templated":true}]}}