{"id":2714,"date":"2026-04-27T08:52:30","date_gmt":"2026-04-27T12:52:30","guid":{"rendered":"https:\/\/www.mindefensa.gob.ve\/?p=2714"},"modified":"2026-04-27T08:52:50","modified_gmt":"2026-04-27T12:52:50","slug":"red-de-salud-militar-se-fortalece-con-dotaciones-y-equipamiento-especializado","status":"publish","type":"post","link":"https:\/\/www.mindefensa.gob.ve\/?p=2714","title":{"rendered":"Red de Salud Militar se fortalece con dotaciones y equipamiento especializado"},"content":{"rendered":"\n<figure class=\"wp-block-image alignleft size-full is-resized\"><img fetchpriority=\"high\" decoding=\"async\" width=\"768\" height=\"1188\" src=\"https:\/\/www.mindefensa.gob.ve\/wp-content\/uploads\/2026\/04\/WhatsApp-Image-2026-04-27-at-08.43.38.jpeg\" alt=\"\" class=\"wp-image-2729\" style=\"width:155px;height:auto\" srcset=\"https:\/\/www.mindefensa.gob.ve\/wp-content\/uploads\/2026\/04\/WhatsApp-Image-2026-04-27-at-08.43.38.jpeg 768w, https:\/\/www.mindefensa.gob.ve\/wp-content\/uploads\/2026\/04\/WhatsApp-Image-2026-04-27-at-08.43.38-194x300.jpeg 194w, https:\/\/www.mindefensa.gob.ve\/wp-content\/uploads\/2026\/04\/WhatsApp-Image-2026-04-27-at-08.43.38-662x1024.jpeg 662w\" sizes=\"(max-width: 768px) 100vw, 768px\" \/><\/figure>\n\n\n\n<p>Con la convicci\u00f3n de fortalecer la capacidad sanitaria de la Fuerza Armada Nacional Bolivariana (FANB) y garantizar atenci\u00f3n m\u00e9dica de alto nivel al soldado y al pueblo, el Ministro del Poder Popular para la Defensa, GJ. Gustavo Gonz\u00e1lez L\u00f3pez, impulsa gestiones especiales orientadas por la Presidenta Encargada de la Rep\u00fablica Bolivariana de Venezuela Comandante en Jefe de la FANB, Delcy Rodr\u00edguez G\u00f3mez,&nbsp;orientadas a asegurar una dotaci\u00f3n prioritaria de insumos y equipamiento m\u00e9dico\u2011quir\u00fargico de \u00faltima generaci\u00f3n para los hospitales adscritos a la Red de Salud Militar.<\/p>\n\n\n\n<figure class=\"wp-block-image alignright size-large is-resized\"><img decoding=\"async\" width=\"1024\" height=\"975\" src=\"https:\/\/www.mindefensa.gob.ve\/wp-content\/uploads\/2026\/04\/WhatsApp-Image-2026-04-27-at-08.43.38-2-1024x975.jpeg\" alt=\"\" class=\"wp-image-2728\" style=\"width:198px;height:auto\" srcset=\"https:\/\/www.mindefensa.gob.ve\/wp-content\/uploads\/2026\/04\/WhatsApp-Image-2026-04-27-at-08.43.38-2-1024x975.jpeg 1024w, https:\/\/www.mindefensa.gob.ve\/wp-content\/uploads\/2026\/04\/WhatsApp-Image-2026-04-27-at-08.43.38-2-300x286.jpeg 300w, https:\/\/www.mindefensa.gob.ve\/wp-content\/uploads\/2026\/04\/WhatsApp-Image-2026-04-27-at-08.43.38-2-768x731.jpeg 768w, https:\/\/www.mindefensa.gob.ve\/wp-content\/uploads\/2026\/04\/WhatsApp-Image-2026-04-27-at-08.43.38-2.jpeg 1059w\" sizes=\"(max-width: 1024px) 100vw, 1024px\" \/><\/figure>\n\n\n\n<p>Este suministro responde a la necesidad de optimizar la atenci\u00f3n sanitaria integral de la familia militar y de la poblaci\u00f3n que lo requiera.<\/p>\n\n\n\n<p>En esta l\u00ednea, el director del Hospital Militar \u201cDr. Vicente Salias Sanoja\u201d, GB. Henry Edgardo Molina Molina, inform\u00f3 que el centro asistencial recibi\u00f3 una importante dotaci\u00f3n de insumos m\u00e9dicos.<\/p>\n\n\n\n<p>\u201cGarantizamos as\u00ed la capacidad de respuesta para cubrir las necesidades de la poblaci\u00f3n militar, afiliados y pueblo general. Los hombres y mujeres que integramos este Centro de Salud de la Red Sanitaria Militar nos mantenemos firmes en nuestra misi\u00f3n de sanar vidas con \u00e9tica y lealtad\u201d, destac\u00f3.<\/p>\n\n\n\n<figure class=\"wp-block-image aligncenter size-large is-resized\"><img decoding=\"async\" width=\"1024\" height=\"640\" src=\"https:\/\/www.mindefensa.gob.ve\/wp-content\/uploads\/2026\/04\/WhatsApp-Image-2026-04-27-at-08.46.36-1024x640.jpeg\" alt=\"\" class=\"wp-image-2730\" style=\"width:583px;height:auto\" srcset=\"https:\/\/www.mindefensa.gob.ve\/wp-content\/uploads\/2026\/04\/WhatsApp-Image-2026-04-27-at-08.46.36-1024x640.jpeg 1024w, https:\/\/www.mindefensa.gob.ve\/wp-content\/uploads\/2026\/04\/WhatsApp-Image-2026-04-27-at-08.46.36-300x188.jpeg 300w, https:\/\/www.mindefensa.gob.ve\/wp-content\/uploads\/2026\/04\/WhatsApp-Image-2026-04-27-at-08.46.36-768x480.jpeg 768w, https:\/\/www.mindefensa.gob.ve\/wp-content\/uploads\/2026\/04\/WhatsApp-Image-2026-04-27-at-08.46.36.jpeg 1240w\" sizes=\"(max-width: 1024px) 100vw, 1024px\" \/><\/figure>\n\n\n\n<p class=\"has-medium-font-size\"><strong>Avanza la modernizaci\u00f3n de \u00c1reas Estrat\u00e9gicas del Centro Asistencial<\/strong><\/p>\n\n\n\n<figure class=\"wp-block-image alignright size-large is-resized\"><img loading=\"lazy\" decoding=\"async\" width=\"1024\" height=\"576\" src=\"https:\/\/www.mindefensa.gob.ve\/wp-content\/uploads\/2026\/04\/WhatsApp-Image-2026-04-27-at-08.46.37-1024x576.jpeg\" alt=\"\" class=\"wp-image-2731\" style=\"width:302px;height:auto\" srcset=\"https:\/\/www.mindefensa.gob.ve\/wp-content\/uploads\/2026\/04\/WhatsApp-Image-2026-04-27-at-08.46.37-1024x576.jpeg 1024w, https:\/\/www.mindefensa.gob.ve\/wp-content\/uploads\/2026\/04\/WhatsApp-Image-2026-04-27-at-08.46.37-300x169.jpeg 300w, https:\/\/www.mindefensa.gob.ve\/wp-content\/uploads\/2026\/04\/WhatsApp-Image-2026-04-27-at-08.46.37-768x432.jpeg 768w, https:\/\/www.mindefensa.gob.ve\/wp-content\/uploads\/2026\/04\/WhatsApp-Image-2026-04-27-at-08.46.37.jpeg 1280w\" sizes=\"(max-width: 1024px) 100vw, 1024px\" \/><\/figure>\n\n\n\n<p>De manera paralela, contin\u00faan los trabajos de modernizaci\u00f3n del laboratorio y otros espacios del Hospital Militar Dr. Vicente Salias Sanoja, con el objetivo de elevar los est\u00e1ndares de diagn\u00f3stico, atenci\u00f3n y respuesta m\u00e9dica, en correspondencia con las exigencias operativas de la FANB.<\/p>\n\n\n\n<p>Estas acciones reafirman el compromiso del Ministerio del Poder Popular para la Defensa (MPPD) con el fortalecimiento de la salud de los militares y del pueblo, garantizando servicios m\u00e9dicos dignos, oportunos y respaldados por tecnolog\u00eda de vanguardia, en cumplimiento de la misi\u00f3n constitucional de la FANB.<\/p>\n\n\n\n<p class=\"has-medium-font-size\">Cr\u00e9ditos:\u00a0<strong>Prensa FANB.<\/strong><\/p>\n","protected":false},"excerpt":{"rendered":"<p>Con la convicci\u00f3n de fortalecer la capacidad sanitaria de la Fuerza Armada Nacional Bolivariana (FANB) y garantizar atenci\u00f3n m\u00e9dica de alto nivel al soldado y al pueblo, el Ministro del Poder Popular para la Defensa, GJ. Gustavo Gonz\u00e1lez L\u00f3pez, impulsa gestiones especiales orientadas por la Presidenta Encargada de la Rep\u00fablica Bolivariana de Venezuela Comandante en Jefe de la FANB, Delcy Rodr\u00edguez G\u00f3mez,&nbsp;orientadas a asegurar una dotaci\u00f3n prioritaria de insumos y equipamiento m\u00e9dico\u2011quir\u00fargico de \u00faltima generaci\u00f3n para los hospitales adscritos a la Red de Salud Militar. Este suministro responde a la necesidad de optimizar la atenci\u00f3n sanitaria integral de la familia militar y de la poblaci\u00f3n que lo requiera. En esta l\u00ednea, el director del Hospital Militar \u201cDr. Vicente Salias Sanoja\u201d, GB. Henry Edgardo Molina Molina, inform\u00f3 que el centro asistencial recibi\u00f3 una importante dotaci\u00f3n de insumos m\u00e9dicos. \u201cGarantizamos as\u00ed la capacidad de respuesta para cubrir las necesidades de la poblaci\u00f3n militar, afiliados y pueblo general. Los hombres y mujeres que integramos este Centro de Salud de la Red Sanitaria Militar nos mantenemos firmes en nuestra misi\u00f3n de sanar vidas con \u00e9tica y lealtad\u201d, destac\u00f3. Avanza la modernizaci\u00f3n de \u00c1reas Estrat\u00e9gicas del Centro Asistencial De manera paralela, contin\u00faan los trabajos de modernizaci\u00f3n del laboratorio y otros espacios del Hospital Militar Dr. Vicente Salias Sanoja, con el objetivo de elevar los est\u00e1ndares de diagn\u00f3stico, atenci\u00f3n y respuesta m\u00e9dica, en correspondencia con las exigencias operativas de la FANB. Estas acciones reafirman el compromiso del Ministerio del Poder Popular para la Defensa (MPPD) con el fortalecimiento de la salud de los militares y del pueblo, garantizando servicios m\u00e9dicos dignos, oportunos y respaldados por tecnolog\u00eda de vanguardia, en cumplimiento de la misi\u00f3n constitucional de la FANB. Cr\u00e9ditos:\u00a0Prensa FANB.<\/p>\n","protected":false},"author":6,"featured_media":2727,"comment_status":"closed","ping_status":"closed","sticky":false,"template":"","format":"standard","meta":{"site-sidebar-layout":"default","site-content-layout":"","ast-site-content-layout":"","site-content-style":"default","site-sidebar-style":"default","ast-global-header-display":"","ast-banner-title-visibility":"","ast-main-header-display":"","ast-hfb-above-header-display":"","ast-hfb-below-header-display":"","ast-hfb-mobile-header-display":"","site-post-title":"","ast-breadcrumbs-content":"","ast-featured-img":"","footer-sml-layout":"","theme-transparent-header-meta":"","adv-header-id-meta":"","stick-header-meta":"","header-above-stick-meta":"","header-main-stick-meta":"","header-below-stick-meta":"","astra-migrate-meta-layouts":"default","ast-page-background-enabled":"default","ast-page-background-meta":{"desktop":{"background-color":"var(--ast-global-color-4)","background-image":"","background-repeat":"repeat","background-position":"center center","background-size":"auto","background-attachment":"scroll","background-type":"","background-media":"","overlay-type":"","overlay-color":"","overlay-gradient":""},"tablet":{"background-color":"","background-image":"","background-repeat":"repeat","background-position":"center center","background-size":"auto","background-attachment":"scroll","background-type":"","background-media":"","overlay-type":"","overlay-color":"","overlay-gradient":""},"mobile":{"background-color":"","background-image":"","background-repeat":"repeat","background-position":"center center","background-size":"auto","background-attachment":"scroll","background-type":"","background-media":"","overlay-type":"","overlay-color":"","overlay-gradient":""}},"ast-content-background-meta":{"desktop":{"background-color":"var(--ast-global-color-5)","background-image":"","background-repeat":"repeat","background-position":"center center","background-size":"auto","background-attachment":"scroll","background-type":"","background-media":"","overlay-type":"","overlay-color":"","overlay-gradient":""},"tablet":{"background-color":"var(--ast-global-color-5)","background-image":"","background-repeat":"repeat","background-position":"center center","background-size":"auto","background-attachment":"scroll","background-type":"","background-media":"","overlay-type":"","overlay-color":"","overlay-gradient":""},"mobile":{"background-color":"var(--ast-global-color-5)","background-image":"","background-repeat":"repeat","background-position":"center center","background-size":"auto","background-attachment":"scroll","background-type":"","background-media":"","overlay-type":"","overlay-color":"","overlay-gradient":""}},"footnotes":""},"categories":[7],"tags":[],"class_list":["post-2714","post","type-post","status-publish","format-standard","has-post-thumbnail","hentry","category-noticias"],"_links":{"self":[{"href":"https:\/\/www.mindefensa.gob.ve\/index.php?rest_route=\/wp\/v2\/posts\/2714","targetHints":{"allow":["GET"]}}],"collection":[{"href":"https:\/\/www.mindefensa.gob.ve\/index.php?rest_route=\/wp\/v2\/posts"}],"about":[{"href":"https:\/\/www.mindefensa.gob.ve\/index.php?rest_route=\/wp\/v2\/types\/post"}],"author":[{"embeddable":true,"href":"https:\/\/www.mindefensa.gob.ve\/index.php?rest_route=\/wp\/v2\/users\/6"}],"replies":[{"embeddable":true,"href":"https:\/\/www.mindefensa.gob.ve\/index.php?rest_route=%2Fwp%2Fv2%2Fcomments&post=2714"}],"version-history":[{"count":13,"href":"https:\/\/www.mindefensa.gob.ve\/index.php?rest_route=\/wp\/v2\/posts\/2714\/revisions"}],"predecessor-version":[{"id":2740,"href":"https:\/\/www.mindefensa.gob.ve\/index.php?rest_route=\/wp\/v2\/posts\/2714\/revisions\/2740"}],"wp:featuredmedia":[{"embeddable":true,"href":"https:\/\/www.mindefensa.gob.ve\/index.php?rest_route=\/wp\/v2\/media\/2727"}],"wp:attachment":[{"href":"https:\/\/www.mindefensa.gob.ve\/index.php?rest_route=%2Fwp%2Fv2%2Fmedia&parent=2714"}],"wp:term":[{"taxonomy":"category","embeddable":true,"href":"https:\/\/www.mindefensa.gob.ve\/index.php?rest_route=%2Fwp%2Fv2%2Fcategories&post=2714"},{"taxonomy":"post_tag","embeddable":true,"href":"https:\/\/www.mindefensa.gob.ve\/index.php?rest_route=%2Fwp%2Fv2%2Ftags&post=2714"}],"curies":[{"name":"wp","href":"https:\/\/api.w.org\/{rel}","templated":true}]}}