{"id":2699,"date":"2026-04-26T11:49:06","date_gmt":"2026-04-26T15:49:06","guid":{"rendered":"https:\/\/www.mindefensa.gob.ve\/?p=2699"},"modified":"2026-04-26T11:49:07","modified_gmt":"2026-04-26T15:49:07","slug":"gj-gustavo-gonzalez-lopez-activa-la-oficina-de-atencion-a-la-familia-fanb","status":"publish","type":"post","link":"https:\/\/www.mindefensa.gob.ve\/?p=2699","title":{"rendered":"GJ Gustavo Gonz\u00e1lez L\u00f3pez activa la oficina de \u201cAtenci\u00f3n a la Familia FANB\u201d"},"content":{"rendered":"\n<figure class=\"wp-block-image alignright size-large is-resized\"><img fetchpriority=\"high\" decoding=\"async\" width=\"768\" height=\"1024\" src=\"https:\/\/www.mindefensa.gob.ve\/wp-content\/uploads\/2026\/04\/photo_5143228834978139230_y-768x1024.jpg\" alt=\"\" class=\"wp-image-2712\" style=\"width:171px;height:auto\" srcset=\"https:\/\/www.mindefensa.gob.ve\/wp-content\/uploads\/2026\/04\/photo_5143228834978139230_y-768x1024.jpg 768w, https:\/\/www.mindefensa.gob.ve\/wp-content\/uploads\/2026\/04\/photo_5143228834978139230_y-225x300.jpg 225w, https:\/\/www.mindefensa.gob.ve\/wp-content\/uploads\/2026\/04\/photo_5143228834978139230_y.jpg 960w\" sizes=\"(max-width: 768px) 100vw, 768px\" \/><\/figure>\n\n\n\n<p>Con el firme prop\u00f3sito de romper las barreras burocr\u00e1ticas y establecer un puente directo entre el mando ministerial y la base profesional de la instituci\u00f3n, el Ministro del Poder Popular para la Defensa, General en Jefe Gustavo Gonz\u00e1lez L\u00f3pez, anunci\u00f3 la puesta en marcha de un innovador centro de gesti\u00f3n denominado \u201cAtenci\u00f3n a la Familia FANB\u201d.<\/p>\n\n\n\n<figure class=\"wp-block-image alignleft size-large is-resized\"><img decoding=\"async\" width=\"1024\" height=\"682\" src=\"https:\/\/www.mindefensa.gob.ve\/wp-content\/uploads\/2026\/04\/photo_5143198336415370253_y-1024x682.jpg\" alt=\"\" class=\"wp-image-2703\" style=\"width:313px;height:auto\" srcset=\"https:\/\/www.mindefensa.gob.ve\/wp-content\/uploads\/2026\/04\/photo_5143198336415370253_y-1024x682.jpg 1024w, https:\/\/www.mindefensa.gob.ve\/wp-content\/uploads\/2026\/04\/photo_5143198336415370253_y-300x200.jpg 300w, https:\/\/www.mindefensa.gob.ve\/wp-content\/uploads\/2026\/04\/photo_5143198336415370253_y-768x512.jpg 768w, https:\/\/www.mindefensa.gob.ve\/wp-content\/uploads\/2026\/04\/photo_5143198336415370253_y.jpg 1280w\" sizes=\"(max-width: 1024px) 100vw, 1024px\" \/><\/figure>\n\n\n\n<p>Esta iniciativa, que surge bajo las directrices de la Presidenta (E) de la Rep\u00fablica de Venezuela Comandante en Jefe de la FANB, Delcy Rodr\u00edguez, busca transformar la din\u00e1mica de respuesta institucional. \u00abTengo la idea de poner a disposici\u00f3n un centro donde todo el que quiera hablar conmigo o hacerme saber algo, cuente con un modelo eficiente para lograrlo\u00bb, destac\u00f3 el titular castrense durante el lanzamiento.<\/p>\n\n\n\n<p>Esta nueva instancia de articulaci\u00f3n directa tiene como premisa fundamental la optimizaci\u00f3n de los procesos de respuesta ante las necesidades de los hombres y mujeres que integran la instituci\u00f3n militar. \u00abEste centro de enlace nace con el prop\u00f3sito de escuchar y resolver; es un mecanismo directo de supervisi\u00f3n ministerial para garantizar que ninguna solicitud quede sin atenci\u00f3n oportuna\u00bb, asever\u00f3 el GJ Gonz\u00e1lez L\u00f3pez .<\/p>\n\n\n\n<figure class=\"wp-block-image aligncenter size-large is-resized\"><img decoding=\"async\" width=\"1024\" height=\"682\" src=\"https:\/\/www.mindefensa.gob.ve\/wp-content\/uploads\/2026\/04\/photo_5143198336415370245_y-1024x682.jpg\" alt=\"\" class=\"wp-image-2701\" style=\"width:554px;height:auto\" srcset=\"https:\/\/www.mindefensa.gob.ve\/wp-content\/uploads\/2026\/04\/photo_5143198336415370245_y-1024x682.jpg 1024w, https:\/\/www.mindefensa.gob.ve\/wp-content\/uploads\/2026\/04\/photo_5143198336415370245_y-300x200.jpg 300w, https:\/\/www.mindefensa.gob.ve\/wp-content\/uploads\/2026\/04\/photo_5143198336415370245_y-768x512.jpg 768w, https:\/\/www.mindefensa.gob.ve\/wp-content\/uploads\/2026\/04\/photo_5143198336415370245_y.jpg 1280w\" sizes=\"(max-width: 1024px) 100vw, 1024px\" \/><\/figure>\n\n\n\n<figure class=\"wp-block-image alignright size-large is-resized\"><img loading=\"lazy\" decoding=\"async\" width=\"1024\" height=\"682\" src=\"https:\/\/www.mindefensa.gob.ve\/wp-content\/uploads\/2026\/04\/photo_5143198336415370252_y-1024x682.jpg\" alt=\"\" class=\"wp-image-2702\" style=\"width:317px;height:auto\" srcset=\"https:\/\/www.mindefensa.gob.ve\/wp-content\/uploads\/2026\/04\/photo_5143198336415370252_y-1024x682.jpg 1024w, https:\/\/www.mindefensa.gob.ve\/wp-content\/uploads\/2026\/04\/photo_5143198336415370252_y-300x200.jpg 300w, https:\/\/www.mindefensa.gob.ve\/wp-content\/uploads\/2026\/04\/photo_5143198336415370252_y-768x512.jpg 768w, https:\/\/www.mindefensa.gob.ve\/wp-content\/uploads\/2026\/04\/photo_5143198336415370252_y.jpg 1280w\" sizes=\"(max-width: 1024px) 100vw, 1024px\" \/><\/figure>\n\n\n\n<p class=\"has-medium-font-size\"><strong>Una estructura para el contacto directo<\/strong><\/p>\n\n\n\n<p>La nueva oficina no solo ser\u00e1 un receptor de solicitudes, sino un motor de soluciones inmediatas. Para ello, el Ministro ha designado a cinco de sus ayudantes de servicio (uno por cada componente) quienes tendr\u00e1n la tarea exclusiva de tramitar y dar seguimiento a los requerimientos del personal de la Armada, Aviaci\u00f3n, Ej\u00e9rcito, Guardia Nacional Bolivariana y Milicia Bolivariana.<\/p>\n\n\n\n<figure class=\"wp-block-image alignleft size-large is-resized\"><img loading=\"lazy\" decoding=\"async\" width=\"1024\" height=\"768\" src=\"https:\/\/www.mindefensa.gob.ve\/wp-content\/uploads\/2026\/04\/photo_5143218844884208626_w-1024x768.jpg\" alt=\"\" class=\"wp-image-2706\" style=\"width:258px;height:auto\" srcset=\"https:\/\/www.mindefensa.gob.ve\/wp-content\/uploads\/2026\/04\/photo_5143218844884208626_w-1024x768.jpg 1024w, https:\/\/www.mindefensa.gob.ve\/wp-content\/uploads\/2026\/04\/photo_5143218844884208626_w-300x225.jpg 300w, https:\/\/www.mindefensa.gob.ve\/wp-content\/uploads\/2026\/04\/photo_5143218844884208626_w-768x576.jpg 768w, https:\/\/www.mindefensa.gob.ve\/wp-content\/uploads\/2026\/04\/photo_5143218844884208626_w-1536x1152.jpg 1536w, https:\/\/www.mindefensa.gob.ve\/wp-content\/uploads\/2026\/04\/photo_5143218844884208626_w-2048x1536.jpg 2048w\" sizes=\"(max-width: 1024px) 100vw, 1024px\" \/><\/figure>\n\n\n\n<p>Asimismo, la estructura incorpora puestos de trabajo espec\u00edficos para Sargentos Supervisores, quienes actuar\u00e1n como enlace directo con la Tropa Profesional, y un equipo dedicado exclusivamente a los empleados y obreros del Ministerio.<\/p>\n\n\n\n<p>La filosof\u00eda de gesti\u00f3n de este despacho se centra en la erradicaci\u00f3n de las trabas administrativas. El Ministro plante\u00f3 este despliegue como un desaf\u00edo a la eficiencia institucional: \u00abEs una competencia de gesti\u00f3n que queremos ganar: escuchar m\u00e1s y resolver m\u00e1s en beneficio de nuestra gran familia\u00bb.<\/p>\n\n\n\n<p>Finalmente, el alto mando militar inform\u00f3 que, si bien el proyecto atraviesa su fase inicial de crecimiento org\u00e1nico, la prioridad ser\u00e1 la atenci\u00f3n de casos urgentes e importantes, asegurando que cada integrante de la FANB reciba una respuesta efectiva y tangible, consolidando as\u00ed la m\u00edstica de servicio y el compromiso patri\u00f3tico que caracteriza a la instituci\u00f3n.<\/p>\n\n\n\n<p class=\"has-medium-font-size\">Cr\u00e9ditos:\u00a0<strong>Prensa FANB.<\/strong><\/p>\n","protected":false},"excerpt":{"rendered":"<p>Con el firme prop\u00f3sito de romper las barreras burocr\u00e1ticas y establecer un puente directo entre el mando ministerial y la base profesional de la instituci\u00f3n, el Ministro del Poder Popular para la Defensa, General en Jefe Gustavo Gonz\u00e1lez L\u00f3pez, anunci\u00f3 la puesta en marcha de un innovador centro de gesti\u00f3n denominado \u201cAtenci\u00f3n a la Familia FANB\u201d. Esta iniciativa, que surge bajo las directrices de la Presidenta (E) de la Rep\u00fablica de Venezuela Comandante en Jefe de la FANB, Delcy Rodr\u00edguez, busca transformar la din\u00e1mica de respuesta institucional. \u00abTengo la idea de poner a disposici\u00f3n un centro donde todo el que quiera hablar conmigo o hacerme saber algo, cuente con un modelo eficiente para lograrlo\u00bb, destac\u00f3 el titular castrense durante el lanzamiento. Esta nueva instancia de articulaci\u00f3n directa tiene como premisa fundamental la optimizaci\u00f3n de los procesos de respuesta ante las necesidades de los hombres y mujeres que integran la instituci\u00f3n militar. \u00abEste centro de enlace nace con el prop\u00f3sito de escuchar y resolver; es un mecanismo directo de supervisi\u00f3n ministerial para garantizar que ninguna solicitud quede sin atenci\u00f3n oportuna\u00bb, asever\u00f3 el GJ Gonz\u00e1lez L\u00f3pez . Una estructura para el contacto directo La nueva oficina no solo ser\u00e1 un receptor de solicitudes, sino un motor de soluciones inmediatas. Para ello, el Ministro ha designado a cinco de sus ayudantes de servicio (uno por cada componente) quienes tendr\u00e1n la tarea exclusiva de tramitar y dar seguimiento a los requerimientos del personal de la Armada, Aviaci\u00f3n, Ej\u00e9rcito, Guardia Nacional Bolivariana y Milicia Bolivariana. Asimismo, la estructura incorpora puestos de trabajo espec\u00edficos para Sargentos Supervisores, quienes actuar\u00e1n como enlace directo con la Tropa Profesional, y un equipo dedicado exclusivamente a los empleados y obreros del Ministerio. La filosof\u00eda de gesti\u00f3n de este despacho se centra en la erradicaci\u00f3n de las trabas administrativas. El Ministro plante\u00f3 este despliegue como un desaf\u00edo a la eficiencia institucional: \u00abEs una competencia de gesti\u00f3n que queremos ganar: escuchar m\u00e1s y resolver m\u00e1s en beneficio de nuestra gran familia\u00bb. Finalmente, el alto mando militar inform\u00f3 que, si bien el proyecto atraviesa su fase inicial de crecimiento org\u00e1nico, la prioridad ser\u00e1 la atenci\u00f3n de casos urgentes e importantes, asegurando que cada integrante de la FANB reciba una respuesta efectiva y tangible, consolidando as\u00ed la m\u00edstica de servicio y el compromiso patri\u00f3tico que caracteriza a la instituci\u00f3n. Cr\u00e9ditos:\u00a0Prensa FANB.<\/p>\n","protected":false},"author":6,"featured_media":2700,"comment_status":"closed","ping_status":"closed","sticky":false,"template":"","format":"standard","meta":{"site-sidebar-layout":"default","site-content-layout":"","ast-site-content-layout":"","site-content-style":"default","site-sidebar-style":"default","ast-global-header-display":"","ast-banner-title-visibility":"","ast-main-header-display":"","ast-hfb-above-header-display":"","ast-hfb-below-header-display":"","ast-hfb-mobile-header-display":"","site-post-title":"","ast-breadcrumbs-content":"","ast-featured-img":"","footer-sml-layout":"","theme-transparent-header-meta":"","adv-header-id-meta":"","stick-header-meta":"","header-above-stick-meta":"","header-main-stick-meta":"","header-below-stick-meta":"","astra-migrate-meta-layouts":"default","ast-page-background-enabled":"default","ast-page-background-meta":{"desktop":{"background-color":"var(--ast-global-color-4)","background-image":"","background-repeat":"repeat","background-position":"center center","background-size":"auto","background-attachment":"scroll","background-type":"","background-media":"","overlay-type":"","overlay-color":"","overlay-gradient":""},"tablet":{"background-color":"","background-image":"","background-repeat":"repeat","background-position":"center center","background-size":"auto","background-attachment":"scroll","background-type":"","background-media":"","overlay-type":"","overlay-color":"","overlay-gradient":""},"mobile":{"background-color":"","background-image":"","background-repeat":"repeat","background-position":"center center","background-size":"auto","background-attachment":"scroll","background-type":"","background-media":"","overlay-type":"","overlay-color":"","overlay-gradient":""}},"ast-content-background-meta":{"desktop":{"background-color":"var(--ast-global-color-5)","background-image":"","background-repeat":"repeat","background-position":"center center","background-size":"auto","background-attachment":"scroll","background-type":"","background-media":"","overlay-type":"","overlay-color":"","overlay-gradient":""},"tablet":{"background-color":"var(--ast-global-color-5)","background-image":"","background-repeat":"repeat","background-position":"center center","background-size":"auto","background-attachment":"scroll","background-type":"","background-media":"","overlay-type":"","overlay-color":"","overlay-gradient":""},"mobile":{"background-color":"var(--ast-global-color-5)","background-image":"","background-repeat":"repeat","background-position":"center center","background-size":"auto","background-attachment":"scroll","background-type":"","background-media":"","overlay-type":"","overlay-color":"","overlay-gradient":""}},"footnotes":""},"categories":[7],"tags":[],"class_list":["post-2699","post","type-post","status-publish","format-standard","has-post-thumbnail","hentry","category-noticias"],"_links":{"self":[{"href":"https:\/\/www.mindefensa.gob.ve\/index.php?rest_route=\/wp\/v2\/posts\/2699","targetHints":{"allow":["GET"]}}],"collection":[{"href":"https:\/\/www.mindefensa.gob.ve\/index.php?rest_route=\/wp\/v2\/posts"}],"about":[{"href":"https:\/\/www.mindefensa.gob.ve\/index.php?rest_route=\/wp\/v2\/types\/post"}],"author":[{"embeddable":true,"href":"https:\/\/www.mindefensa.gob.ve\/index.php?rest_route=\/wp\/v2\/users\/6"}],"replies":[{"embeddable":true,"href":"https:\/\/www.mindefensa.gob.ve\/index.php?rest_route=%2Fwp%2Fv2%2Fcomments&post=2699"}],"version-history":[{"count":8,"href":"https:\/\/www.mindefensa.gob.ve\/index.php?rest_route=\/wp\/v2\/posts\/2699\/revisions"}],"predecessor-version":[{"id":2713,"href":"https:\/\/www.mindefensa.gob.ve\/index.php?rest_route=\/wp\/v2\/posts\/2699\/revisions\/2713"}],"wp:featuredmedia":[{"embeddable":true,"href":"https:\/\/www.mindefensa.gob.ve\/index.php?rest_route=\/wp\/v2\/media\/2700"}],"wp:attachment":[{"href":"https:\/\/www.mindefensa.gob.ve\/index.php?rest_route=%2Fwp%2Fv2%2Fmedia&parent=2699"}],"wp:term":[{"taxonomy":"category","embeddable":true,"href":"https:\/\/www.mindefensa.gob.ve\/index.php?rest_route=%2Fwp%2Fv2%2Fcategories&post=2699"},{"taxonomy":"post_tag","embeddable":true,"href":"https:\/\/www.mindefensa.gob.ve\/index.php?rest_route=%2Fwp%2Fv2%2Ftags&post=2699"}],"curies":[{"name":"wp","href":"https:\/\/api.w.org\/{rel}","templated":true}]}}