{"id":2677,"date":"2026-04-25T13:57:29","date_gmt":"2026-04-25T17:57:29","guid":{"rendered":"https:\/\/www.mindefensa.gob.ve\/?p=2677"},"modified":"2026-04-25T14:35:52","modified_gmt":"2026-04-25T18:35:52","slug":"mas-de-cuatro-mil-tropas-profesionales-fortalecen-las-filas-de-la-fanb","status":"publish","type":"post","link":"https:\/\/www.mindefensa.gob.ve\/?p=2677","title":{"rendered":"M\u00e1s de cuatro mil Tropas Profesionales fortalecen las filas de la FANB"},"content":{"rendered":"\n<figure class=\"wp-block-image aligncenter size-large is-resized\"><img fetchpriority=\"high\" decoding=\"async\" width=\"1024\" height=\"770\" src=\"https:\/\/www.mindefensa.gob.ve\/wp-content\/uploads\/2026\/04\/WhatsApp-Image-2026-04-25-at-14.05.36-1024x770.jpeg\" alt=\"\" class=\"wp-image-2694\" style=\"width:592px;height:auto\" srcset=\"https:\/\/www.mindefensa.gob.ve\/wp-content\/uploads\/2026\/04\/WhatsApp-Image-2026-04-25-at-14.05.36-1024x770.jpeg 1024w, https:\/\/www.mindefensa.gob.ve\/wp-content\/uploads\/2026\/04\/WhatsApp-Image-2026-04-25-at-14.05.36-300x226.jpeg 300w, https:\/\/www.mindefensa.gob.ve\/wp-content\/uploads\/2026\/04\/WhatsApp-Image-2026-04-25-at-14.05.36-768x577.jpeg 768w, https:\/\/www.mindefensa.gob.ve\/wp-content\/uploads\/2026\/04\/WhatsApp-Image-2026-04-25-at-14.05.36.jpeg 1080w\" sizes=\"(max-width: 1024px) 100vw, 1024px\" \/><\/figure>\n\n\n\n<figure class=\"wp-block-image alignleft size-large is-resized\"><img decoding=\"async\" width=\"598\" height=\"1024\" src=\"https:\/\/www.mindefensa.gob.ve\/wp-content\/uploads\/2026\/04\/Gemini_Generated_Image_khbi87khbi87khbi-1-598x1024.png\" alt=\"\" class=\"wp-image-2685\" style=\"width:192px;height:auto\" srcset=\"https:\/\/www.mindefensa.gob.ve\/wp-content\/uploads\/2026\/04\/Gemini_Generated_Image_khbi87khbi87khbi-1-598x1024.png 598w, https:\/\/www.mindefensa.gob.ve\/wp-content\/uploads\/2026\/04\/Gemini_Generated_Image_khbi87khbi87khbi-1-175x300.png 175w, https:\/\/www.mindefensa.gob.ve\/wp-content\/uploads\/2026\/04\/Gemini_Generated_Image_khbi87khbi87khbi-1.png 768w\" sizes=\"(max-width: 598px) 100vw, 598px\" \/><\/figure>\n\n\n\n<p>Como parte de la conmemoraci\u00f3n del 216\u00b0 Aniversario del Ministerio del Poder Popular para la Defensa (MPPD), la Fuerza Armada Nacional Bolivariana (FANB) llev\u00f3 a cabo un acto sin precedentes: la Primera Graduaci\u00f3n Conjunta de Tropa Profesional en la Rep\u00fablica Bolivariana de Venezuela, integrada por 4070 combatientes formados bajo la doctrina militar bolivariana, con exigentes p\u00e9nsum en sus \u00e1reas de especializaci\u00f3n y un firme compromiso con la defensa integral de la Patria.<\/p>\n\n\n\n<p>La ceremonia estuvo liderada por el Ministro del Poder Popular para la Defensa, GJ. Gustavo Gonz\u00e1lez L\u00f3pez, acompa\u00f1ado del Alto Mando Militar y de la gran familia de la FANB, en un ambiente impregnado de m\u00edstica castrense, disciplina y profundo fervor patrio.<\/p>\n\n\n\n<figure class=\"wp-block-image alignright size-large is-resized\"><img decoding=\"async\" width=\"1024\" height=\"773\" src=\"https:\/\/www.mindefensa.gob.ve\/wp-content\/uploads\/2026\/04\/WhatsApp-Image-2026-04-25-at-14.05.37-1024x773.jpeg\" alt=\"\" class=\"wp-image-2696\" style=\"width:297px;height:auto\" srcset=\"https:\/\/www.mindefensa.gob.ve\/wp-content\/uploads\/2026\/04\/WhatsApp-Image-2026-04-25-at-14.05.37-1024x773.jpeg 1024w, https:\/\/www.mindefensa.gob.ve\/wp-content\/uploads\/2026\/04\/WhatsApp-Image-2026-04-25-at-14.05.37-300x226.jpeg 300w, https:\/\/www.mindefensa.gob.ve\/wp-content\/uploads\/2026\/04\/WhatsApp-Image-2026-04-25-at-14.05.37-768x580.jpeg 768w, https:\/\/www.mindefensa.gob.ve\/wp-content\/uploads\/2026\/04\/WhatsApp-Image-2026-04-25-at-14.05.37.jpeg 1080w\" sizes=\"(max-width: 1024px) 100vw, 1024px\" \/><\/figure>\n\n\n\n<p>El alto titular castrense inici\u00f3 su intervenci\u00f3n transmitiendo un saludo de afecto enviado por la presidenta de la Rep\u00fablica Bolivariana de Venezuela y Comandante en Jefa de la FANB, Delcy Rodr\u00edguez G\u00f3mez, reafirmando el respaldo institucional a esta nueva generaci\u00f3n de soldados que hoy asume responsabilidades fundamentales para la seguridad y defensa del pa\u00eds.<\/p>\n\n\n\n<p>Acto seguido, subray\u00f3 que estos nuevos profesionales representan la continuidad del pensamiento del Comandante Supremo Hugo Ch\u00e1vez y la esencia de la fusi\u00f3n popular, militar y policial.<\/p>\n\n\n\n<p>Asimismo, expres\u00f3 su profunda satisfacci\u00f3n por esta cohorte militar al resaltar que la promoci\u00f3n lleva el nombre del General en Jefe Jorge Luis Garc\u00eda Carneiro, a quien describi\u00f3 como un soldado plenamente entregado al servicio del pueblo. Adem\u00e1s, enfatiz\u00f3 que ese legado, forjado en la lealtad, la cercan\u00eda con la gente y la vocaci\u00f3n de servicio, otorga a la promoci\u00f3n un arraigo especial y un profundo respeto, pues contar con su nombre como gu\u00eda y protector perenne constituye un honor que marca la identidad y el compromiso de cada uno de sus integrantes.<\/p>\n\n\n\n<figure class=\"wp-block-image aligncenter size-large is-resized\"><img loading=\"lazy\" decoding=\"async\" width=\"1024\" height=\"682\" src=\"https:\/\/www.mindefensa.gob.ve\/wp-content\/uploads\/2026\/04\/51455208915202897811-1024x682.jpg\" alt=\"\" class=\"wp-image-2679\" style=\"width:824px;height:auto\" srcset=\"https:\/\/www.mindefensa.gob.ve\/wp-content\/uploads\/2026\/04\/51455208915202897811-1024x682.jpg 1024w, https:\/\/www.mindefensa.gob.ve\/wp-content\/uploads\/2026\/04\/51455208915202897811-300x200.jpg 300w, https:\/\/www.mindefensa.gob.ve\/wp-content\/uploads\/2026\/04\/51455208915202897811-768x512.jpg 768w, https:\/\/www.mindefensa.gob.ve\/wp-content\/uploads\/2026\/04\/51455208915202897811.jpg 1280w\" sizes=\"(max-width: 1024px) 100vw, 1024px\" \/><\/figure>\n\n\n\n<figure class=\"wp-block-image alignright size-large is-resized\"><img loading=\"lazy\" decoding=\"async\" width=\"1024\" height=\"866\" src=\"https:\/\/www.mindefensa.gob.ve\/wp-content\/uploads\/2026\/04\/51455208915202897831-1024x866.jpg\" alt=\"\" class=\"wp-image-2690\" style=\"width:286px;height:auto\" srcset=\"https:\/\/www.mindefensa.gob.ve\/wp-content\/uploads\/2026\/04\/51455208915202897831-1024x866.jpg 1024w, https:\/\/www.mindefensa.gob.ve\/wp-content\/uploads\/2026\/04\/51455208915202897831-300x254.jpg 300w, https:\/\/www.mindefensa.gob.ve\/wp-content\/uploads\/2026\/04\/51455208915202897831-768x649.jpg 768w, https:\/\/www.mindefensa.gob.ve\/wp-content\/uploads\/2026\/04\/51455208915202897831.jpg 1280w\" sizes=\"(max-width: 1024px) 100vw, 1024px\" \/><\/figure>\n\n\n\n<p class=\"has-medium-font-size\"><strong>Honor al uniforme y compromiso con la Patria<\/strong><\/p>\n\n\n\n<p>El GJ. Gonz\u00e1lez L\u00f3pez exhort\u00f3 a los nuevos profesionales militares a custodiar con honor el uniforme que hoy reciben, record\u00e1ndoles su car\u00e1cter sagrado para la instituci\u00f3n y para el pueblo venezolano: \u201cCuiden de su uniforme, ese uniforme no nos pertenece, ese uniforme es del pueblo, no lo manchen, sean hombres de honor, sean hombres de valor y siempre lleven por alto: la Patria primero\u201d.<\/p>\n\n\n\n<p>En su mensaje final, el Ministro del Poder Popular para la Defensa reforz\u00f3 el sentido del deber y la identidad militar, instando a los graduandos a compartir este logro con sus familias y a mantener vivo el amor por Venezuela como principio fundamental del soldado bolivariano.<\/p>\n\n\n\n<p class=\"has-medium-font-size\">Cr\u00e9ditos:&nbsp;<strong>Prensa FANB.<\/strong> <\/p>\n","protected":false},"excerpt":{"rendered":"<p>Como parte de la conmemoraci\u00f3n del 216\u00b0 Aniversario del Ministerio del Poder Popular para la Defensa (MPPD), la Fuerza Armada Nacional Bolivariana (FANB) llev\u00f3 a cabo un acto sin precedentes: la Primera Graduaci\u00f3n Conjunta de Tropa Profesional en la Rep\u00fablica Bolivariana de Venezuela, integrada por 4070 combatientes formados bajo la doctrina militar bolivariana, con exigentes p\u00e9nsum en sus \u00e1reas de especializaci\u00f3n y un firme compromiso con la defensa integral de la Patria. La ceremonia estuvo liderada por el Ministro del Poder Popular para la Defensa, GJ. Gustavo Gonz\u00e1lez L\u00f3pez, acompa\u00f1ado del Alto Mando Militar y de la gran familia de la FANB, en un ambiente impregnado de m\u00edstica castrense, disciplina y profundo fervor patrio. El alto titular castrense inici\u00f3 su intervenci\u00f3n transmitiendo un saludo de afecto enviado por la presidenta de la Rep\u00fablica Bolivariana de Venezuela y Comandante en Jefa de la FANB, Delcy Rodr\u00edguez G\u00f3mez, reafirmando el respaldo institucional a esta nueva generaci\u00f3n de soldados que hoy asume responsabilidades fundamentales para la seguridad y defensa del pa\u00eds. Acto seguido, subray\u00f3 que estos nuevos profesionales representan la continuidad del pensamiento del Comandante Supremo Hugo Ch\u00e1vez y la esencia de la fusi\u00f3n popular, militar y policial. Asimismo, expres\u00f3 su profunda satisfacci\u00f3n por esta cohorte militar al resaltar que la promoci\u00f3n lleva el nombre del General en Jefe Jorge Luis Garc\u00eda Carneiro, a quien describi\u00f3 como un soldado plenamente entregado al servicio del pueblo. Adem\u00e1s, enfatiz\u00f3 que ese legado, forjado en la lealtad, la cercan\u00eda con la gente y la vocaci\u00f3n de servicio, otorga a la promoci\u00f3n un arraigo especial y un profundo respeto, pues contar con su nombre como gu\u00eda y protector perenne constituye un honor que marca la identidad y el compromiso de cada uno de sus integrantes. Honor al uniforme y compromiso con la Patria El GJ. Gonz\u00e1lez L\u00f3pez exhort\u00f3 a los nuevos profesionales militares a custodiar con honor el uniforme que hoy reciben, record\u00e1ndoles su car\u00e1cter sagrado para la instituci\u00f3n y para el pueblo venezolano: \u201cCuiden de su uniforme, ese uniforme no nos pertenece, ese uniforme es del pueblo, no lo manchen, sean hombres de honor, sean hombres de valor y siempre lleven por alto: la Patria primero\u201d. En su mensaje final, el Ministro del Poder Popular para la Defensa reforz\u00f3 el sentido del deber y la identidad militar, instando a los graduandos a compartir este logro con sus familias y a mantener vivo el amor por Venezuela como principio fundamental del soldado bolivariano. Cr\u00e9ditos:&nbsp;Prensa FANB.<\/p>\n","protected":false},"author":6,"featured_media":2698,"comment_status":"closed","ping_status":"closed","sticky":false,"template":"","format":"standard","meta":{"site-sidebar-layout":"default","site-content-layout":"","ast-site-content-layout":"","site-content-style":"default","site-sidebar-style":"default","ast-global-header-display":"","ast-banner-title-visibility":"","ast-main-header-display":"","ast-hfb-above-header-display":"","ast-hfb-below-header-display":"","ast-hfb-mobile-header-display":"","site-post-title":"","ast-breadcrumbs-content":"","ast-featured-img":"","footer-sml-layout":"","theme-transparent-header-meta":"","adv-header-id-meta":"","stick-header-meta":"","header-above-stick-meta":"","header-main-stick-meta":"","header-below-stick-meta":"","astra-migrate-meta-layouts":"default","ast-page-background-enabled":"default","ast-page-background-meta":{"desktop":{"background-color":"var(--ast-global-color-4)","background-image":"","background-repeat":"repeat","background-position":"center center","background-size":"auto","background-attachment":"scroll","background-type":"","background-media":"","overlay-type":"","overlay-color":"","overlay-gradient":""},"tablet":{"background-color":"","background-image":"","background-repeat":"repeat","background-position":"center center","background-size":"auto","background-attachment":"scroll","background-type":"","background-media":"","overlay-type":"","overlay-color":"","overlay-gradient":""},"mobile":{"background-color":"","background-image":"","background-repeat":"repeat","background-position":"center center","background-size":"auto","background-attachment":"scroll","background-type":"","background-media":"","overlay-type":"","overlay-color":"","overlay-gradient":""}},"ast-content-background-meta":{"desktop":{"background-color":"var(--ast-global-color-5)","background-image":"","background-repeat":"repeat","background-position":"center center","background-size":"auto","background-attachment":"scroll","background-type":"","background-media":"","overlay-type":"","overlay-color":"","overlay-gradient":""},"tablet":{"background-color":"var(--ast-global-color-5)","background-image":"","background-repeat":"repeat","background-position":"center center","background-size":"auto","background-attachment":"scroll","background-type":"","background-media":"","overlay-type":"","overlay-color":"","overlay-gradient":""},"mobile":{"background-color":"var(--ast-global-color-5)","background-image":"","background-repeat":"repeat","background-position":"center center","background-size":"auto","background-attachment":"scroll","background-type":"","background-media":"","overlay-type":"","overlay-color":"","overlay-gradient":""}},"footnotes":""},"categories":[7],"tags":[],"class_list":["post-2677","post","type-post","status-publish","format-standard","has-post-thumbnail","hentry","category-noticias"],"_links":{"self":[{"href":"https:\/\/www.mindefensa.gob.ve\/index.php?rest_route=\/wp\/v2\/posts\/2677","targetHints":{"allow":["GET"]}}],"collection":[{"href":"https:\/\/www.mindefensa.gob.ve\/index.php?rest_route=\/wp\/v2\/posts"}],"about":[{"href":"https:\/\/www.mindefensa.gob.ve\/index.php?rest_route=\/wp\/v2\/types\/post"}],"author":[{"embeddable":true,"href":"https:\/\/www.mindefensa.gob.ve\/index.php?rest_route=\/wp\/v2\/users\/6"}],"replies":[{"embeddable":true,"href":"https:\/\/www.mindefensa.gob.ve\/index.php?rest_route=%2Fwp%2Fv2%2Fcomments&post=2677"}],"version-history":[{"count":9,"href":"https:\/\/www.mindefensa.gob.ve\/index.php?rest_route=\/wp\/v2\/posts\/2677\/revisions"}],"predecessor-version":[{"id":2697,"href":"https:\/\/www.mindefensa.gob.ve\/index.php?rest_route=\/wp\/v2\/posts\/2677\/revisions\/2697"}],"wp:featuredmedia":[{"embeddable":true,"href":"https:\/\/www.mindefensa.gob.ve\/index.php?rest_route=\/wp\/v2\/media\/2698"}],"wp:attachment":[{"href":"https:\/\/www.mindefensa.gob.ve\/index.php?rest_route=%2Fwp%2Fv2%2Fmedia&parent=2677"}],"wp:term":[{"taxonomy":"category","embeddable":true,"href":"https:\/\/www.mindefensa.gob.ve\/index.php?rest_route=%2Fwp%2Fv2%2Fcategories&post=2677"},{"taxonomy":"post_tag","embeddable":true,"href":"https:\/\/www.mindefensa.gob.ve\/index.php?rest_route=%2Fwp%2Fv2%2Ftags&post=2677"}],"curies":[{"name":"wp","href":"https:\/\/api.w.org\/{rel}","templated":true}]}}